{"id":32826,"date":"2026-09-05T12:57:12","date_gmt":"2026-09-05T12:57:12","guid":{"rendered":"https:\/\/www.notijalapa.net\/noticias\/?p=32826"},"modified":"2026-09-05T13:17:59","modified_gmt":"2026-09-05T13:17:59","slug":"que-paso-con-el-covid-19","status":"publish","type":"post","link":"https:\/\/www.notijalapa.net\/noticias\/2026\/09\/05\/que-paso-con-el-covid-19\/","title":{"rendered":"\u00bfQu\u00e9 paso con el COVID-19?"},"content":{"rendered":"<p>Tienen conocimiento que el COVID es una enfermedad que se qued\u00f3 de forma end\u00e9mica respiratoria, ellos a trav\u00e9s de la sintomatolog\u00eda, en alg\u00fan momento corroboran si es COVID o si es alguna enfermedad respiratoria, seg\u00fan lo dio a conocer el Dr. Carlos Duarte director del Centro de Salud de Jalapa.<\/p>\n<p><a href=\"https:\/\/www.notijalapa.net\/noticias\/2026\/09\/05\/para-noviembre-se-preve-una-vacunacion-masiva-contra-el-sarampion\/\">MIRA: Para noviembre se prev\u00e9 una vacunaci\u00f3n masiva contra el sarampi\u00f3n<\/a><\/p>\n<p>Definitivamente saben que infecciones respiratorias existen en gran cantidad en este momento, a trav\u00e9s de las organizaciones mundiales de la salud saben que ya el COVID se qued\u00f3 como una infecci\u00f3n respiratoria m\u00e1s, la cual puede afectar a muchas personas, en su momento hubo vacunaci\u00f3n masiva con respecto a esta enfermedad, eso ha venido a ayudar a que la enfermedad no sea tan agresiva y en alg\u00fan momento pueda referirse como una infecci\u00f3n respiratoria normal.<\/p>\n<p><iframe loading=\"lazy\" title=\"Qu\u00e9 paso con el COVID 19\" width=\"640\" height=\"360\" src=\"https:\/\/www.youtube.com\/embed\/nPe0MHKQ_qI?feature=oembed\" frameborder=\"0\" allow=\"accelerometer; autoplay; clipboard-write; encrypted-media; gyroscope; picture-in-picture; web-share\" referrerpolicy=\"strict-origin-when-cross-origin\" allowfullscreen><\/iframe><\/p>\n<p>Hasta el momento no tienen estad\u00edsticas espec\u00edficas si el COVID sigue cobrando vidas en Guatemala, existe una enfermedad que lamentablemente es respiratoria y es prevenible, como la neumon\u00eda, este tipo de casos, en alg\u00fan momento s\u00ed ha habido fallecimientos, importante es de remarcar que las infecciones respiratorias est\u00e1n presentes debemos cuidar a nuestros ni\u00f1os y a nuestros adultos mayores sobre todo por los cambios clim\u00e1ticos que en alg\u00fan momento se puedan dar de forma brusca.<\/p>\n<p style=\"text-align: center;\"><iframe loading=\"lazy\" style=\"border: none; overflow: hidden;\" src=\"https:\/\/www.facebook.com\/plugins\/post.php?href=https%3A%2F%2Fwww.facebook.com%2Fpermalink.php%3Fstory_fbid%3Dpfbid02EGzmuGWYHzuv3EqipQ4MJnqqRCsLffzG6DrEa9uaokCKxfu1KkobnCAu5aW3qykMl%26id%3D100083158940816&amp;show_text=true&amp;width=500\" width=\"500\" height=\"793\" frameborder=\"0\" scrolling=\"no\" allowfullscreen=\"allowfullscreen\"><\/iframe><\/p>\n","protected":false},"excerpt":{"rendered":"<p>Tienen conocimiento que el COVID es una enfermedad que se qued\u00f3 de forma end\u00e9mica respiratoria, ellos a trav\u00e9s de la sintomatolog\u00eda, en alg\u00fan momento corroboran si es COVID o si es alguna enfermedad respiratoria, seg\u00fan lo dio a conocer el Dr. Carlos Duarte director del Centro de Salud de Jalapa. MIRA: Para noviembre se prev\u00e9 una vacunaci\u00f3n masiva contra el sarampi\u00f3n Definitivamente saben que infecciones respiratorias existen en gran cantidad en este momento, a trav\u00e9s de las organizaciones mundiales de la salud saben que ya el COVID se qued\u00f3 como&hellip;<\/p>\n","protected":false},"author":2,"featured_media":32823,"comment_status":"open","ping_status":"open","sticky":false,"template":"","format":"standard","meta":{"footnotes":""},"categories":[3],"tags":[1494,12688],"class_list":["post-32826","post","type-post","status-publish","format-standard","has-post-thumbnail","hentry","category-locales","tag-el-covid-19","tag-que-paso-con"],"gutentor_comment":0,"_links":{"self":[{"href":"https:\/\/www.notijalapa.net\/noticias\/wp-json\/wp\/v2\/posts\/32826","targetHints":{"allow":["GET"]}}],"collection":[{"href":"https:\/\/www.notijalapa.net\/noticias\/wp-json\/wp\/v2\/posts"}],"about":[{"href":"https:\/\/www.notijalapa.net\/noticias\/wp-json\/wp\/v2\/types\/post"}],"author":[{"embeddable":true,"href":"https:\/\/www.notijalapa.net\/noticias\/wp-json\/wp\/v2\/users\/2"}],"replies":[{"embeddable":true,"href":"https:\/\/www.notijalapa.net\/noticias\/wp-json\/wp\/v2\/comments?post=32826"}],"version-history":[{"count":2,"href":"https:\/\/www.notijalapa.net\/noticias\/wp-json\/wp\/v2\/posts\/32826\/revisions"}],"predecessor-version":[{"id":32841,"href":"https:\/\/www.notijalapa.net\/noticias\/wp-json\/wp\/v2\/posts\/32826\/revisions\/32841"}],"wp:featuredmedia":[{"embeddable":true,"href":"https:\/\/www.notijalapa.net\/noticias\/wp-json\/wp\/v2\/media\/32823"}],"wp:attachment":[{"href":"https:\/\/www.notijalapa.net\/noticias\/wp-json\/wp\/v2\/media?parent=32826"}],"wp:term":[{"taxonomy":"category","embeddable":true,"href":"https:\/\/www.notijalapa.net\/noticias\/wp-json\/wp\/v2\/categories?post=32826"},{"taxonomy":"post_tag","embeddable":true,"href":"https:\/\/www.notijalapa.net\/noticias\/wp-json\/wp\/v2\/tags?post=32826"}],"curies":[{"name":"wp","href":"https:\/\/api.w.org\/{rel}","templated":true}]}}