{"id":32783,"date":"2026-09-03T11:03:32","date_gmt":"2026-09-03T11:03:32","guid":{"rendered":"https:\/\/www.notijalapa.net\/noticias\/?p=32783"},"modified":"2026-09-03T11:20:48","modified_gmt":"2026-09-03T11:20:48","slug":"socorristas-preparados-para-atender-actividades-de-feria-sin-descuidar-las-emergencias","status":"publish","type":"post","link":"https:\/\/www.notijalapa.net\/noticias\/2026\/09\/03\/socorristas-preparados-para-atender-actividades-de-feria-sin-descuidar-las-emergencias\/","title":{"rendered":"Socorristas preparados para atender actividades de feria sin descuidar las emergencias"},"content":{"rendered":"<p>Como Bomberos Voluntarios est\u00e1n tratando de brindar apoyo en todas las actividades que se van a realizar en esta Jalapafer 2026, del 4 al 16 de septiembre. Dentro de todas las actividades van a tratar de mantener siempre personal de bomberos, as\u00ed como tambi\u00e9n personal en apresto para cubrir cualquier otra emergencia que se suscite dentro del municipio de Jalapa y sus alrededores, seg\u00fan lo dio a conocer el Oficial Gerson Maldonado Jefe de la 44cia. de Bomberos Voluntarios.<\/p>\n<p><a href=\"https:\/\/www.notijalapa.net\/noticias\/2026\/09\/03\/agentes-capturan-a-presunto-asaltante\/\">MIRA: Agentes capturan a presunto asaltante<\/a><\/p>\n<p>Conforme ha ido evolucionando el tiempo, ha ido en aumento toda la atenci\u00f3n de emergencias en accidentes de tr\u00e1nsito, de motociclistas y atenciones por enfermedades comunes, pero gracias a Dios han logrado cubrir la totalidad de los servicios, incluso rescates de animales, dentro de todos los servicios que prestan.<\/p>\n<p><iframe loading=\"lazy\" title=\"Socorristas preparados para atender actividades de feria sin descuidar las emergencias\" width=\"640\" height=\"360\" src=\"https:\/\/www.youtube.com\/embed\/Bk19zFK-orM?feature=oembed\" frameborder=\"0\" allow=\"accelerometer; autoplay; clipboard-write; encrypted-media; gyroscope; picture-in-picture; web-share\" referrerpolicy=\"strict-origin-when-cross-origin\" allowfullscreen><\/iframe><\/p>\n<p>En estos d\u00edas de feria el tr\u00e1fico aumenta por eso piden a la poblaci\u00f3n, aunque no escuchen necesariamente las sirenas, si ven una ambulancia que avanza con las luces encendidas lo que com\u00fanmente llaman la tamalera, por favor denle el paso, porque adentro viaja una persona que necesita atenci\u00f3n m\u00e9dica urgente.<\/p>\n<p style=\"text-align: center;\"><iframe loading=\"lazy\" style=\"border: none; overflow: hidden;\" src=\"https:\/\/www.facebook.com\/plugins\/post.php?href=https%3A%2F%2Fwww.facebook.com%2Fpermalink.php%3Fstory_fbid%3Dpfbid02Ev21oW5wLFjdoTeMAanTciXmv4y4bmr7aXE7bx3C6GzhngndNBQP7i7ZXZsKMt4gl%26id%3D100083158940816&amp;show_text=true&amp;width=500\" width=\"500\" height=\"525\" frameborder=\"0\" scrolling=\"no\" allowfullscreen=\"allowfullscreen\"><\/iframe><\/p>\n","protected":false},"excerpt":{"rendered":"<p>Como Bomberos Voluntarios est\u00e1n tratando de brindar apoyo en todas las actividades que se van a realizar en esta Jalapafer 2026, del 4 al 16 de septiembre. Dentro de todas las actividades van a tratar de mantener siempre personal de bomberos, as\u00ed como tambi\u00e9n personal en apresto para cubrir cualquier otra emergencia que se suscite dentro del municipio de Jalapa y sus alrededores, seg\u00fan lo dio a conocer el Oficial Gerson Maldonado Jefe de la 44cia. de Bomberos Voluntarios. MIRA: Agentes capturan a presunto asaltante Conforme ha ido evolucionando el&hellip;<\/p>\n","protected":false},"author":2,"featured_media":32776,"comment_status":"open","ping_status":"open","sticky":false,"template":"","format":"standard","meta":{"footnotes":""},"categories":[3],"tags":[12668,12667],"class_list":["post-32783","post","type-post","status-publish","format-standard","has-post-thumbnail","hentry","category-locales","tag-de-feria-sin-descuidar-las-emergencias","tag-socorristas-preparados-para-atender-actividades"],"gutentor_comment":0,"_links":{"self":[{"href":"https:\/\/www.notijalapa.net\/noticias\/wp-json\/wp\/v2\/posts\/32783","targetHints":{"allow":["GET"]}}],"collection":[{"href":"https:\/\/www.notijalapa.net\/noticias\/wp-json\/wp\/v2\/posts"}],"about":[{"href":"https:\/\/www.notijalapa.net\/noticias\/wp-json\/wp\/v2\/types\/post"}],"author":[{"embeddable":true,"href":"https:\/\/www.notijalapa.net\/noticias\/wp-json\/wp\/v2\/users\/2"}],"replies":[{"embeddable":true,"href":"https:\/\/www.notijalapa.net\/noticias\/wp-json\/wp\/v2\/comments?post=32783"}],"version-history":[{"count":2,"href":"https:\/\/www.notijalapa.net\/noticias\/wp-json\/wp\/v2\/posts\/32783\/revisions"}],"predecessor-version":[{"id":32795,"href":"https:\/\/www.notijalapa.net\/noticias\/wp-json\/wp\/v2\/posts\/32783\/revisions\/32795"}],"wp:featuredmedia":[{"embeddable":true,"href":"https:\/\/www.notijalapa.net\/noticias\/wp-json\/wp\/v2\/media\/32776"}],"wp:attachment":[{"href":"https:\/\/www.notijalapa.net\/noticias\/wp-json\/wp\/v2\/media?parent=32783"}],"wp:term":[{"taxonomy":"category","embeddable":true,"href":"https:\/\/www.notijalapa.net\/noticias\/wp-json\/wp\/v2\/categories?post=32783"},{"taxonomy":"post_tag","embeddable":true,"href":"https:\/\/www.notijalapa.net\/noticias\/wp-json\/wp\/v2\/tags?post=32783"}],"curies":[{"name":"wp","href":"https:\/\/api.w.org\/{rel}","templated":true}]}}