{"id":32781,"date":"2026-09-03T11:03:07","date_gmt":"2026-09-03T11:03:07","guid":{"rendered":"https:\/\/www.notijalapa.net\/noticias\/?p=32781"},"modified":"2026-09-03T11:21:44","modified_gmt":"2026-09-03T11:21:44","slug":"restriccion-de-circulacion-y-evitar-estacionarse-donde-pasaran-los-desfiles","status":"publish","type":"post","link":"https:\/\/www.notijalapa.net\/noticias\/2026\/09\/03\/restriccion-de-circulacion-y-evitar-estacionarse-donde-pasaran-los-desfiles\/","title":{"rendered":"Restricci\u00f3n de circulaci\u00f3n y evitar estacionarse donde pasar\u00e1n los desfiles"},"content":{"rendered":"<p>El d\u00eda de hoy se publicar\u00e1 un comunicado oficial mediante el cual se informa que habr\u00e1 restricci\u00f3n para transporte pesado desde el d\u00eda viernes y que los transportistas est\u00e9n enterados y no haya confusiones, seg\u00fan lo dio a conocer Estuardo G\u00f3mez director de la Polic\u00eda Municipal de Tr\u00e1nsito.<\/p>\n<p><a href=\"https:\/\/www.notijalapa.net\/noticias\/2026\/09\/03\/recomendaciones-para-que-el-desfile-hipico-sea-fluido-y-sin-obstruir-el-paso-a-las-ambulancias\/\">MIRA: Recomendaciones para que el desfile h\u00edpico sea fluido y sin obstruir el paso a las ambulancias<\/a><\/p>\n<p>De igual forma tendr\u00e1n agentes en las entradas para prevenci\u00f3n, si apareciera alg\u00fan transporte pesado tendr\u00e1n que retenerlo hasta la hora que finalicen las actividades programadas.<\/p>\n<p><iframe loading=\"lazy\" title=\"Restricci\u00f3n de circulaci\u00f3n y evitar estacionarse donde pasar\u00e1n los desfiles\" width=\"640\" height=\"360\" src=\"https:\/\/www.youtube.com\/embed\/n43BxWZ3ICA?feature=oembed\" frameborder=\"0\" allow=\"accelerometer; autoplay; clipboard-write; encrypted-media; gyroscope; picture-in-picture; web-share\" referrerpolicy=\"strict-origin-when-cross-origin\" allowfullscreen><\/iframe><\/p>\n<p>En cuanto a los horarios de restricci\u00f3n a\u00fan est\u00e1n planeando los horarios para hacer cierres y no detenerlos por mucho tiempo. El d\u00eda viernes se est\u00e1 proponiendo retener el transporte pesado desde las 3 de la tarde, considerando que las actividades se extender\u00e1n hasta la noche incluyendo un evento programado enfrente de la Municipalidad, de las 8 horas hasta 1 de la ma\u00f1ana, en lo que arman y desarman el escenario, por loque se va a estar reteniendo el transporte pesado.<\/p>\n<p>De igual forma el d\u00eda s\u00e1bado se tiene el desfile h\u00edpico, y \u00fanicamente tendr\u00e1n solo un par de horas para poder liberar los transportes pesados que est\u00e9n llegando por lo que se solicita la colaboraci\u00f3n de la poblaci\u00f3n jalapaneca para que tomen las v\u00edas alternas y que colaboren con ellos.<\/p>\n<p>Se recomienda no estacionar veh\u00edculos sobre el recorrido de los desfiles, con el fin de evitar da\u00f1os materiales y prevenir accidentes, ya que en ocasiones los veh\u00edculos estacionados resultan afectados.<\/p>\n<p style=\"text-align: center;\"><iframe loading=\"lazy\" style=\"border: none; overflow: hidden;\" src=\"https:\/\/www.facebook.com\/plugins\/post.php?href=https%3A%2F%2Fwww.facebook.com%2Fpermalink.php%3Fstory_fbid%3Dpfbid02TW63rLVKUqsqUjJLEVxJ6vF9vKeanEpTZmyefzPKhPpuY9fSWcyr8fbCMs88cG18l%26id%3D100083158940816&amp;show_text=true&amp;width=500\" width=\"500\" height=\"793\" frameborder=\"0\" scrolling=\"no\" allowfullscreen=\"allowfullscreen\"><\/iframe><\/p>\n","protected":false},"excerpt":{"rendered":"<p>El d\u00eda de hoy se publicar\u00e1 un comunicado oficial mediante el cual se informa que habr\u00e1 restricci\u00f3n para transporte pesado desde el d\u00eda viernes y que los transportistas est\u00e9n enterados y no haya confusiones, seg\u00fan lo dio a conocer Estuardo G\u00f3mez director de la Polic\u00eda Municipal de Tr\u00e1nsito. MIRA: Recomendaciones para que el desfile h\u00edpico sea fluido y sin obstruir el paso a las ambulancias De igual forma tendr\u00e1n agentes en las entradas para prevenci\u00f3n, si apareciera alg\u00fan transporte pesado tendr\u00e1n que retenerlo hasta la hora que finalicen las actividades&hellip;<\/p>\n","protected":false},"author":2,"featured_media":32775,"comment_status":"open","ping_status":"open","sticky":false,"template":"","format":"standard","meta":{"footnotes":""},"categories":[3],"tags":[12666,12665],"class_list":["post-32781","post","type-post","status-publish","format-standard","has-post-thumbnail","hentry","category-locales","tag-donde-pasaran-los-desfiles","tag-restriccion-de-circulacion-y-evitar-estacionarse"],"gutentor_comment":0,"_links":{"self":[{"href":"https:\/\/www.notijalapa.net\/noticias\/wp-json\/wp\/v2\/posts\/32781","targetHints":{"allow":["GET"]}}],"collection":[{"href":"https:\/\/www.notijalapa.net\/noticias\/wp-json\/wp\/v2\/posts"}],"about":[{"href":"https:\/\/www.notijalapa.net\/noticias\/wp-json\/wp\/v2\/types\/post"}],"author":[{"embeddable":true,"href":"https:\/\/www.notijalapa.net\/noticias\/wp-json\/wp\/v2\/users\/2"}],"replies":[{"embeddable":true,"href":"https:\/\/www.notijalapa.net\/noticias\/wp-json\/wp\/v2\/comments?post=32781"}],"version-history":[{"count":2,"href":"https:\/\/www.notijalapa.net\/noticias\/wp-json\/wp\/v2\/posts\/32781\/revisions"}],"predecessor-version":[{"id":32796,"href":"https:\/\/www.notijalapa.net\/noticias\/wp-json\/wp\/v2\/posts\/32781\/revisions\/32796"}],"wp:featuredmedia":[{"embeddable":true,"href":"https:\/\/www.notijalapa.net\/noticias\/wp-json\/wp\/v2\/media\/32775"}],"wp:attachment":[{"href":"https:\/\/www.notijalapa.net\/noticias\/wp-json\/wp\/v2\/media?parent=32781"}],"wp:term":[{"taxonomy":"category","embeddable":true,"href":"https:\/\/www.notijalapa.net\/noticias\/wp-json\/wp\/v2\/categories?post=32781"},{"taxonomy":"post_tag","embeddable":true,"href":"https:\/\/www.notijalapa.net\/noticias\/wp-json\/wp\/v2\/tags?post=32781"}],"curies":[{"name":"wp","href":"https:\/\/api.w.org\/{rel}","templated":true}]}}