{"id":32764,"date":"2026-09-02T11:01:45","date_gmt":"2026-09-02T11:01:45","guid":{"rendered":"https:\/\/www.notijalapa.net\/noticias\/?p=32764"},"modified":"2026-09-02T11:15:11","modified_gmt":"2026-09-02T11:15:11","slug":"jalapa-rompe-record-en-incendios-forestales-este-ano-ya-son-mas-de-100","status":"publish","type":"post","link":"https:\/\/www.notijalapa.net\/noticias\/2026\/09\/02\/jalapa-rompe-record-en-incendios-forestales-este-ano-ya-son-mas-de-100\/","title":{"rendered":"Jalapa rompe r\u00e9cord en incendios forestales este a\u00f1o ya son m\u00e1s de 100"},"content":{"rendered":"<p>Esta situaci\u00f3n de baja precipitaci\u00f3n ha tenido efectos, dentro de ellos se tuvo una temporada arriba de lo normal en el tema de incendios, en a\u00f1os anteriores en tiempo de can\u00edcula no se ha tenido incendios a excepci\u00f3n del 2013 y 2014, seg\u00fan lo dio a conocer el Ing. Cristian Estrada delegado de la CONRED.<\/p>\n<p><a href=\"https:\/\/www.notijalapa.net\/noticias\/2026\/09\/02\/impartieron-taller-para-prever-violacion-a-los-derechos-de-los-pueblos-indigenas-y-xincas\/\">MIRA: Impartieron taller para prever violaci\u00f3n a los derechos de los pueblos ind\u00edgenas y xincas<\/a><\/p>\n<p>Este a\u00f1o en Jalapa lamentablemente rompi\u00f3 el r\u00e9cord hist\u00f3rico de incendios forestales y no forestales en el departamento debido a la falta de lluvias que se ha tenido desde la primera fase del invierno, alrededor de 100 incendios en el departamento que han cubierto las instituciones del sistema CONRED.<\/p>\n<p><iframe loading=\"lazy\" title=\"Jalapa rompe r\u00e9cord en incendios forestales este a\u00f1o ya son m\u00e1s de 100\" width=\"640\" height=\"360\" src=\"https:\/\/www.youtube.com\/embed\/VNRK1rgi2IM?feature=oembed\" frameborder=\"0\" allow=\"accelerometer; autoplay; clipboard-write; encrypted-media; gyroscope; picture-in-picture; web-share\" referrerpolicy=\"strict-origin-when-cross-origin\" allowfullscreen><\/iframe><\/p>\n<p>Se ha tenido una temporada anormal de incendios y estas condiciones no plantean un escenario favorable para fin de a\u00f1o, se va a continuar siempre con el tema de incendios por nuestra cultura y m\u00e1s ahora que los agricultores se est\u00e1n preparando para la segunda producci\u00f3n y es una cultura que no deber\u00eda ser as\u00ed al momento de preparar las tierras para las siembras.<\/p>\n<p style=\"text-align: center;\"><iframe loading=\"lazy\" style=\"border: none; overflow: hidden;\" src=\"https:\/\/www.facebook.com\/plugins\/post.php?href=https%3A%2F%2Fwww.facebook.com%2Fpermalink.php%3Fstory_fbid%3Dpfbid0arzRGZ1Q56om4wt3cqkC42RmxTj5wrb2exjkcYAoeZaNUpXX7jrYosBozSHRcxeZl%26id%3D100083158940816&amp;show_text=true&amp;width=500\" width=\"500\" height=\"467\" frameborder=\"0\" scrolling=\"no\" allowfullscreen=\"allowfullscreen\"><\/iframe><\/p>\n","protected":false},"excerpt":{"rendered":"<p>Esta situaci\u00f3n de baja precipitaci\u00f3n ha tenido efectos, dentro de ellos se tuvo una temporada arriba de lo normal en el tema de incendios, en a\u00f1os anteriores en tiempo de can\u00edcula no se ha tenido incendios a excepci\u00f3n del 2013 y 2014, seg\u00fan lo dio a conocer el Ing. Cristian Estrada delegado de la CONRED. MIRA: Impartieron taller para prever violaci\u00f3n a los derechos de los pueblos ind\u00edgenas y xincas Este a\u00f1o en Jalapa lamentablemente rompi\u00f3 el r\u00e9cord hist\u00f3rico de incendios forestales y no forestales en el departamento debido a&hellip;<\/p>\n","protected":false},"author":2,"featured_media":32752,"comment_status":"open","ping_status":"open","sticky":false,"template":"","format":"standard","meta":{"footnotes":""},"categories":[3],"tags":[12662,12661],"class_list":["post-32764","post","type-post","status-publish","format-standard","has-post-thumbnail","hentry","category-locales","tag-este-ano-ya-son-mas-de-100","tag-jalapa-rompe-record-en-incendios-forestales"],"gutentor_comment":0,"_links":{"self":[{"href":"https:\/\/www.notijalapa.net\/noticias\/wp-json\/wp\/v2\/posts\/32764","targetHints":{"allow":["GET"]}}],"collection":[{"href":"https:\/\/www.notijalapa.net\/noticias\/wp-json\/wp\/v2\/posts"}],"about":[{"href":"https:\/\/www.notijalapa.net\/noticias\/wp-json\/wp\/v2\/types\/post"}],"author":[{"embeddable":true,"href":"https:\/\/www.notijalapa.net\/noticias\/wp-json\/wp\/v2\/users\/2"}],"replies":[{"embeddable":true,"href":"https:\/\/www.notijalapa.net\/noticias\/wp-json\/wp\/v2\/comments?post=32764"}],"version-history":[{"count":3,"href":"https:\/\/www.notijalapa.net\/noticias\/wp-json\/wp\/v2\/posts\/32764\/revisions"}],"predecessor-version":[{"id":32767,"href":"https:\/\/www.notijalapa.net\/noticias\/wp-json\/wp\/v2\/posts\/32764\/revisions\/32767"}],"wp:featuredmedia":[{"embeddable":true,"href":"https:\/\/www.notijalapa.net\/noticias\/wp-json\/wp\/v2\/media\/32752"}],"wp:attachment":[{"href":"https:\/\/www.notijalapa.net\/noticias\/wp-json\/wp\/v2\/media?parent=32764"}],"wp:term":[{"taxonomy":"category","embeddable":true,"href":"https:\/\/www.notijalapa.net\/noticias\/wp-json\/wp\/v2\/categories?post=32764"},{"taxonomy":"post_tag","embeddable":true,"href":"https:\/\/www.notijalapa.net\/noticias\/wp-json\/wp\/v2\/tags?post=32764"}],"curies":[{"name":"wp","href":"https:\/\/api.w.org\/{rel}","templated":true}]}}