{"id":32762,"date":"2026-09-02T11:01:18","date_gmt":"2026-09-02T11:01:18","guid":{"rendered":"https:\/\/www.notijalapa.net\/noticias\/?p=32762"},"modified":"2026-09-02T11:15:58","modified_gmt":"2026-09-02T11:15:58","slug":"jalapa-es-un-departamento-donde-el-dengue-ya-es-una-enfermedad-comun","status":"publish","type":"post","link":"https:\/\/www.notijalapa.net\/noticias\/2026\/09\/02\/jalapa-es-un-departamento-donde-el-dengue-ya-es-una-enfermedad-comun\/","title":{"rendered":"Jalapa es un departamento donde el dengue ya es una enfermedad com\u00fan"},"content":{"rendered":"<p>Aunque algunos se automedican sin saber que esta enfermedad puede quitar la vida.<\/p>\n<p>Desde inicio de a\u00f1o saben de qu\u00e9 somos un territorio de enfermedades respiratorias, Jalapa es un municipio end\u00e9mico a dengue, sin embargo, tienen que hacer el an\u00e1lisis semanal, con respecto a los casos que ha habido en los \u00faltimos cinco a\u00f1os, seg\u00fan lo dio a conocer el Dr. Carlos Duarte director del Centro de Salud de Jalapa.<\/p>\n<p><a href=\"https:\/\/www.notijalapa.net\/noticias\/2026\/09\/02\/hoy-tendremos-una-actividad-de-recreacion-para-los-ninos\/\">MIRA: Hoy tendremos una actividad de recreaci\u00f3n para los ni\u00f1os<\/a><\/p>\n<p>Hace aproximadamente tres a\u00f1os pues tuvieron un repunte de casos, en el cual lamentablemente tambi\u00e9n tuvieron jalapanecos que perdieron la vida y actualmente est\u00e1n tomando medidas correctivas desde el mes de enero, realizando encuestas entomol\u00f3gicas, viendo qu\u00e9 sectores tienen en alto riesgo, trat\u00e1ndolos a trav\u00e9s de abate y realizando la nebulizaci\u00f3n si en ese momento encuentran al mosquito adulto transmisor del dengue.<\/p>\n<p><iframe loading=\"lazy\" title=\"Jalapa es un departamento donde el dengue ya es una enfermedad com\u00fan\" width=\"640\" height=\"360\" src=\"https:\/\/www.youtube.com\/embed\/h-8PPgqdUso?feature=oembed\" frameborder=\"0\" allow=\"accelerometer; autoplay; clipboard-write; encrypted-media; gyroscope; picture-in-picture; web-share\" referrerpolicy=\"strict-origin-when-cross-origin\" allowfullscreen><\/iframe><\/p>\n<p>De esta manera ellos tratan de controlar esta endemia que se tiene en el municipio, es importante remarcar que definitivamente ellos como servicio de salud tienen que darle la atenci\u00f3n a la poblaci\u00f3n de la mejor manera a trav\u00e9s de la prevenci\u00f3n y tambi\u00e9n a trav\u00e9s del tratamiento a personas que se presentan fiebre en este momento.<\/p>\n<p style=\"text-align: center;\"><iframe loading=\"lazy\" style=\"border: none; overflow: hidden;\" src=\"https:\/\/www.facebook.com\/plugins\/post.php?href=https%3A%2F%2Fwww.facebook.com%2Fpermalink.php%3Fstory_fbid%3Dpfbid02sSUY1co41BYj8wvUfbAkF8nfT6Pj13JcW6hDMtCgd2FawPN9rs5tNU7w9wQVvvWTl%26id%3D100083158940816&amp;show_text=true&amp;width=500\" width=\"500\" height=\"506\" frameborder=\"0\" scrolling=\"no\" allowfullscreen=\"allowfullscreen\"><\/iframe><\/p>\n","protected":false},"excerpt":{"rendered":"<p>Aunque algunos se automedican sin saber que esta enfermedad puede quitar la vida. Desde inicio de a\u00f1o saben de qu\u00e9 somos un territorio de enfermedades respiratorias, Jalapa es un municipio end\u00e9mico a dengue, sin embargo, tienen que hacer el an\u00e1lisis semanal, con respecto a los casos que ha habido en los \u00faltimos cinco a\u00f1os, seg\u00fan lo dio a conocer el Dr. Carlos Duarte director del Centro de Salud de Jalapa. MIRA: Hoy tendremos una actividad de recreaci\u00f3n para los ni\u00f1os Hace aproximadamente tres a\u00f1os pues tuvieron un repunte de casos,&hellip;<\/p>\n","protected":false},"author":2,"featured_media":32753,"comment_status":"open","ping_status":"open","sticky":false,"template":"","format":"standard","meta":{"footnotes":""},"categories":[3],"tags":[12659,12660],"class_list":["post-32762","post","type-post","status-publish","format-standard","has-post-thumbnail","hentry","category-locales","tag-lapa-es-un-departamento-donde-el-dengue","tag-ya-es-una-enfermedad-comun"],"gutentor_comment":0,"_links":{"self":[{"href":"https:\/\/www.notijalapa.net\/noticias\/wp-json\/wp\/v2\/posts\/32762","targetHints":{"allow":["GET"]}}],"collection":[{"href":"https:\/\/www.notijalapa.net\/noticias\/wp-json\/wp\/v2\/posts"}],"about":[{"href":"https:\/\/www.notijalapa.net\/noticias\/wp-json\/wp\/v2\/types\/post"}],"author":[{"embeddable":true,"href":"https:\/\/www.notijalapa.net\/noticias\/wp-json\/wp\/v2\/users\/2"}],"replies":[{"embeddable":true,"href":"https:\/\/www.notijalapa.net\/noticias\/wp-json\/wp\/v2\/comments?post=32762"}],"version-history":[{"count":2,"href":"https:\/\/www.notijalapa.net\/noticias\/wp-json\/wp\/v2\/posts\/32762\/revisions"}],"predecessor-version":[{"id":32768,"href":"https:\/\/www.notijalapa.net\/noticias\/wp-json\/wp\/v2\/posts\/32762\/revisions\/32768"}],"wp:featuredmedia":[{"embeddable":true,"href":"https:\/\/www.notijalapa.net\/noticias\/wp-json\/wp\/v2\/media\/32753"}],"wp:attachment":[{"href":"https:\/\/www.notijalapa.net\/noticias\/wp-json\/wp\/v2\/media?parent=32762"}],"wp:term":[{"taxonomy":"category","embeddable":true,"href":"https:\/\/www.notijalapa.net\/noticias\/wp-json\/wp\/v2\/categories?post=32762"},{"taxonomy":"post_tag","embeddable":true,"href":"https:\/\/www.notijalapa.net\/noticias\/wp-json\/wp\/v2\/tags?post=32762"}],"curies":[{"name":"wp","href":"https:\/\/api.w.org\/{rel}","templated":true}]}}