{"id":32757,"date":"2026-09-02T11:00:30","date_gmt":"2026-09-02T11:00:30","guid":{"rendered":"https:\/\/www.notijalapa.net\/noticias\/?p=32757"},"modified":"2026-09-02T11:17:46","modified_gmt":"2026-09-02T11:17:46","slug":"esperan-que-la-dideduc-brinde-instrucciones-para-el-tema-de-las-antorchas","status":"publish","type":"post","link":"https:\/\/www.notijalapa.net\/noticias\/2026\/09\/02\/esperan-que-la-dideduc-brinde-instrucciones-para-el-tema-de-las-antorchas\/","title":{"rendered":"Esperan que la DIDEDUC brinde instrucciones para el tema de las antorchas"},"content":{"rendered":"<p>Iniciamos el mes patrio, un mes importante para nuestro pa\u00eds, para la independencia de Guatemala, as\u00ed como est\u00e1n a la espera de la convocatoria del ministerio de educaci\u00f3n a trav\u00e9s de la Direcci\u00f3n Departamental de Educaci\u00f3n para darle seguimiento oportuno a lo que se pueda resolver en cuanto al tema de las antorchas.<\/p>\n<p><a href=\"https:\/\/www.notijalapa.net\/noticias\/2026\/09\/02\/esta-semana-continuamos-con-ausencia-de-lluvias-y-dias-calurosos\/\">MIRA: Esta semana continuamos con ausencia de lluvias y d\u00edas calurosos<\/a><\/p>\n<p>Agreg\u00f3 la Licda. Cecilia Isabel Aguirre Auxiliar del Procurador de los Derechos Humanos que, debemos reconocer que, este es un tema cultural, un tema que es muy importante para los ni\u00f1os y j\u00f3venes de este pa\u00eds, desde c\u00f3mo se inspir\u00f3 este proceso.<\/p>\n<p><iframe loading=\"lazy\" title=\"Esperan que la DIDEDUC brinde instrucciones para el tema de las antorchas\" width=\"640\" height=\"360\" src=\"https:\/\/www.youtube.com\/embed\/2gHQf1ESbpg?feature=oembed\" frameborder=\"0\" allow=\"accelerometer; autoplay; clipboard-write; encrypted-media; gyroscope; picture-in-picture; web-share\" referrerpolicy=\"strict-origin-when-cross-origin\" allowfullscreen><\/iframe><\/p>\n<p>Ahora ha cambiado el contexto y que han cambiado algunas circunstancias, esperan las regulaciones que el ministerio de educaci\u00f3n observe y que se hagan de conocimiento de los delegados de las instituciones.<\/p>\n<p style=\"text-align: center;\"><iframe loading=\"lazy\" style=\"border: none; overflow: hidden;\" src=\"https:\/\/www.facebook.com\/plugins\/post.php?href=https%3A%2F%2Fwww.facebook.com%2Fpermalink.php%3Fstory_fbid%3Dpfbid02atdNYNRrZaFXb198ca6nqFduytZcuKRVS2bGFY68bSiXDTn4KttuM1nM2Vavc5dDl%26id%3D100083158940816&amp;show_text=true&amp;width=500\" width=\"500\" height=\"525\" frameborder=\"0\" scrolling=\"no\" allowfullscreen=\"allowfullscreen\"><\/iframe><\/p>\n","protected":false},"excerpt":{"rendered":"<p>Iniciamos el mes patrio, un mes importante para nuestro pa\u00eds, para la independencia de Guatemala, as\u00ed como est\u00e1n a la espera de la convocatoria del ministerio de educaci\u00f3n a trav\u00e9s de la Direcci\u00f3n Departamental de Educaci\u00f3n para darle seguimiento oportuno a lo que se pueda resolver en cuanto al tema de las antorchas. MIRA: Esta semana continuamos con ausencia de lluvias y d\u00edas calurosos Agreg\u00f3 la Licda. Cecilia Isabel Aguirre Auxiliar del Procurador de los Derechos Humanos que, debemos reconocer que, este es un tema cultural, un tema que es&hellip;<\/p>\n","protected":false},"author":2,"featured_media":32750,"comment_status":"open","ping_status":"open","sticky":false,"template":"","format":"standard","meta":{"footnotes":""},"categories":[3],"tags":[12655,12656],"class_list":["post-32757","post","type-post","status-publish","format-standard","has-post-thumbnail","hentry","category-locales","tag-esperan-que-la-dideduc-brinde-instrucciones","tag-para-el-tema-de-las-antorchas"],"gutentor_comment":0,"_links":{"self":[{"href":"https:\/\/www.notijalapa.net\/noticias\/wp-json\/wp\/v2\/posts\/32757","targetHints":{"allow":["GET"]}}],"collection":[{"href":"https:\/\/www.notijalapa.net\/noticias\/wp-json\/wp\/v2\/posts"}],"about":[{"href":"https:\/\/www.notijalapa.net\/noticias\/wp-json\/wp\/v2\/types\/post"}],"author":[{"embeddable":true,"href":"https:\/\/www.notijalapa.net\/noticias\/wp-json\/wp\/v2\/users\/2"}],"replies":[{"embeddable":true,"href":"https:\/\/www.notijalapa.net\/noticias\/wp-json\/wp\/v2\/comments?post=32757"}],"version-history":[{"count":2,"href":"https:\/\/www.notijalapa.net\/noticias\/wp-json\/wp\/v2\/posts\/32757\/revisions"}],"predecessor-version":[{"id":32770,"href":"https:\/\/www.notijalapa.net\/noticias\/wp-json\/wp\/v2\/posts\/32757\/revisions\/32770"}],"wp:featuredmedia":[{"embeddable":true,"href":"https:\/\/www.notijalapa.net\/noticias\/wp-json\/wp\/v2\/media\/32750"}],"wp:attachment":[{"href":"https:\/\/www.notijalapa.net\/noticias\/wp-json\/wp\/v2\/media?parent=32757"}],"wp:term":[{"taxonomy":"category","embeddable":true,"href":"https:\/\/www.notijalapa.net\/noticias\/wp-json\/wp\/v2\/categories?post=32757"},{"taxonomy":"post_tag","embeddable":true,"href":"https:\/\/www.notijalapa.net\/noticias\/wp-json\/wp\/v2\/tags?post=32757"}],"curies":[{"name":"wp","href":"https:\/\/api.w.org\/{rel}","templated":true}]}}