{"id":32749,"date":"2026-09-02T10:59:39","date_gmt":"2026-09-02T10:59:39","guid":{"rendered":"https:\/\/www.notijalapa.net\/noticias\/?p=32749"},"modified":"2026-09-02T11:18:51","modified_gmt":"2026-09-02T11:18:51","slug":"impartieron-taller-para-prever-violacion-a-los-derechos-de-los-pueblos-indigenas-y-xincas","status":"publish","type":"post","link":"https:\/\/www.notijalapa.net\/noticias\/2026\/09\/02\/impartieron-taller-para-prever-violacion-a-los-derechos-de-los-pueblos-indigenas-y-xincas\/","title":{"rendered":"Impartieron taller para prever violaci\u00f3n a los derechos de los pueblos ind\u00edgenas y xincas"},"content":{"rendered":"<p>Tuvieron una coordinaci\u00f3n con la comisi\u00f3n presidencial en contra del racismo y la discriminaci\u00f3n, este es un tema muy importante en el abordaje que se le da para atender las rutas de denuncias y trabajar fuerte en tema prevenci\u00f3n, educaci\u00f3n y promoci\u00f3n de los derechos de los pueblos ind\u00edgenas y xincas, seg\u00fan lo dio a conocer la Licda. Cecilia Isabel Aguirre Auxiliar del Procurador de los Derechos Humanos.<\/p>\n<p><a href=\"https:\/\/www.notijalapa.net\/noticias\/2026\/09\/02\/jalapa-rompe-record-en-incendios-forestales-este-ano-ya-son-mas-de-100\/\">MIRA: Jalapa rompe r\u00e9cord en incendios forestales este a\u00f1o ya son m\u00e1s de 100<\/a><\/p>\n<p>En el departamento de Jalapa existe el pueblo poqomam y pueblo xinca, es as\u00ed como estas rutas de abordaje desde las instituciones, el sistema de justicia, PNC, Gobernaci\u00f3n, Municipalidad y otros delegados de instituciones que participaron en este taller.<\/p>\n<p><iframe loading=\"lazy\" title=\"Impartieron taller para prever violaci\u00f3n a los derechos de los pueblos ind\u00edgenas y xincas\" width=\"640\" height=\"360\" src=\"https:\/\/www.youtube.com\/embed\/We3Fu3Y2p14?feature=oembed\" frameborder=\"0\" allow=\"accelerometer; autoplay; clipboard-write; encrypted-media; gyroscope; picture-in-picture; web-share\" referrerpolicy=\"strict-origin-when-cross-origin\" allowfullscreen><\/iframe><\/p>\n<p>Esta reuni\u00f3n fue convocada por la comisi\u00f3n, en donde invitaron a delegados de diversas instituciones de gobierno, municipalidades y gobernaci\u00f3n, que tuvieron a bien participar en este taller de prevenci\u00f3n, educaci\u00f3n y promoci\u00f3n.<\/p>\n<p style=\"text-align: center;\"><iframe loading=\"lazy\" style=\"border: none; overflow: hidden;\" src=\"https:\/\/www.facebook.com\/plugins\/post.php?href=https%3A%2F%2Fwww.facebook.com%2Fpermalink.php%3Fstory_fbid%3Dpfbid02Je1CDtKdZdWSr1kjRzcoPjoCLGG7NsSirBkYvgAN4spEjAxd298kc1YScbFnBe8l%26id%3D100083158940816&amp;show_text=true&amp;width=500\" width=\"500\" height=\"774\" frameborder=\"0\" scrolling=\"no\" allowfullscreen=\"allowfullscreen\"><\/iframe><\/p>\n","protected":false},"excerpt":{"rendered":"<p>Tuvieron una coordinaci\u00f3n con la comisi\u00f3n presidencial en contra del racismo y la discriminaci\u00f3n, este es un tema muy importante en el abordaje que se le da para atender las rutas de denuncias y trabajar fuerte en tema prevenci\u00f3n, educaci\u00f3n y promoci\u00f3n de los derechos de los pueblos ind\u00edgenas y xincas, seg\u00fan lo dio a conocer la Licda. Cecilia Isabel Aguirre Auxiliar del Procurador de los Derechos Humanos. MIRA: Jalapa rompe r\u00e9cord en incendios forestales este a\u00f1o ya son m\u00e1s de 100 En el departamento de Jalapa existe el pueblo&hellip;<\/p>\n","protected":false},"author":2,"featured_media":32750,"comment_status":"open","ping_status":"open","sticky":false,"template":"","format":"standard","meta":{"footnotes":""},"categories":[3],"tags":[12652,12651],"class_list":["post-32749","post","type-post","status-publish","format-standard","has-post-thumbnail","hentry","category-locales","tag-derechos-de-los-pueblos-indigenas-y-xincas","tag-impartieron-taller-para-prever-violacion-a-los"],"gutentor_comment":0,"_links":{"self":[{"href":"https:\/\/www.notijalapa.net\/noticias\/wp-json\/wp\/v2\/posts\/32749","targetHints":{"allow":["GET"]}}],"collection":[{"href":"https:\/\/www.notijalapa.net\/noticias\/wp-json\/wp\/v2\/posts"}],"about":[{"href":"https:\/\/www.notijalapa.net\/noticias\/wp-json\/wp\/v2\/types\/post"}],"author":[{"embeddable":true,"href":"https:\/\/www.notijalapa.net\/noticias\/wp-json\/wp\/v2\/users\/2"}],"replies":[{"embeddable":true,"href":"https:\/\/www.notijalapa.net\/noticias\/wp-json\/wp\/v2\/comments?post=32749"}],"version-history":[{"count":2,"href":"https:\/\/www.notijalapa.net\/noticias\/wp-json\/wp\/v2\/posts\/32749\/revisions"}],"predecessor-version":[{"id":32771,"href":"https:\/\/www.notijalapa.net\/noticias\/wp-json\/wp\/v2\/posts\/32749\/revisions\/32771"}],"wp:featuredmedia":[{"embeddable":true,"href":"https:\/\/www.notijalapa.net\/noticias\/wp-json\/wp\/v2\/media\/32750"}],"wp:attachment":[{"href":"https:\/\/www.notijalapa.net\/noticias\/wp-json\/wp\/v2\/media?parent=32749"}],"wp:term":[{"taxonomy":"category","embeddable":true,"href":"https:\/\/www.notijalapa.net\/noticias\/wp-json\/wp\/v2\/categories?post=32749"},{"taxonomy":"post_tag","embeddable":true,"href":"https:\/\/www.notijalapa.net\/noticias\/wp-json\/wp\/v2\/tags?post=32749"}],"curies":[{"name":"wp","href":"https:\/\/api.w.org\/{rel}","templated":true}]}}