{"id":32740,"date":"2026-09-01T10:59:03","date_gmt":"2026-09-01T10:59:03","guid":{"rendered":"https:\/\/www.notijalapa.net\/noticias\/?p=32740"},"modified":"2026-09-01T11:17:51","modified_gmt":"2026-09-01T11:17:51","slug":"hoy-ser-bombero-voluntario-tambien-es-un-estudio-reconocido-por-el-mineduc","status":"publish","type":"post","link":"https:\/\/www.notijalapa.net\/noticias\/2026\/09\/01\/hoy-ser-bombero-voluntario-tambien-es-un-estudio-reconocido-por-el-mineduc\/","title":{"rendered":"Hoy ser Bombero Voluntario tambi\u00e9n es un estudio reconocido por el MINEDUC"},"content":{"rendered":"<p>El Ministerio de Educaci\u00f3n a trav\u00e9s de DIGEEX est\u00e1 reconociendo a los bomberos voluntarios con una certificaci\u00f3n donde se reconoce la labor que hacen en todo el pa\u00eds, seg\u00fan lo dio a conocer el Lic. Carlos Lima Comandante Segundo Jefe del Benem\u00e9rito Cuerpo Voluntario de Bomberos.<\/p>\n<p><a href=\"https:\/\/www.notijalapa.net\/noticias\/2026\/09\/01\/el-pasado-fin-de-semana-fueron-23-emergencias-a-las-que-acudieron-los-socorristas\/\">MIRA: El pasado fin de semana fueron 23 emergencias a las que acudieron los socorristas<\/a><\/p>\n<p>Esto para ellos es muy motivador y para el personal tambi\u00e9n viene a fortalecer, aparte del servicio, viene a fortalecer el esp\u00edritu de servicio de cada uno de los elementos posee.<\/p>\n<p><iframe loading=\"lazy\" title=\"Hoy ser Bombero Voluntario tambi\u00e9n es un estudio reconocido por el MINEDUC\" width=\"640\" height=\"360\" src=\"https:\/\/www.youtube.com\/embed\/zAY4d7dTVRE?feature=oembed\" frameborder=\"0\" allow=\"accelerometer; autoplay; clipboard-write; encrypted-media; gyroscope; picture-in-picture; web-share\" referrerpolicy=\"strict-origin-when-cross-origin\" allowfullscreen><\/iframe><\/p>\n<p>Es importante recalcar que los bomberos cada d\u00eda se capacitan m\u00e1s en diferentes ramas que tiene la instituci\u00f3n, en diferentes cursos que tienen dentro de la instituci\u00f3n, es por ello que se capacita a los elementos que quieren ser T\u00e9cnicos en Urgencias M\u00e9dicas, curso que tiene tres a\u00f1os de durabilidad culminando el nivel b\u00e1sico el primer a\u00f1o, el segundo es intermedio y nivel avanzado el \u00faltimo a\u00f1o.<\/p>\n<p style=\"text-align: center;\"><iframe loading=\"lazy\" style=\"border: none; overflow: hidden;\" src=\"https:\/\/www.facebook.com\/plugins\/post.php?href=https%3A%2F%2Fwww.facebook.com%2Fpermalink.php%3Fstory_fbid%3Dpfbid0iQV7uyCMSSypezM3unaf4Kon1XxKANMY1SvLo39NjvxmJL3k5JPp4E3YrVvFk5uFl%26id%3D100083158940816&amp;show_text=true&amp;width=500\" width=\"500\" height=\"544\" frameborder=\"0\" scrolling=\"no\" allowfullscreen=\"allowfullscreen\"><\/iframe><\/p>\n","protected":false},"excerpt":{"rendered":"<p>El Ministerio de Educaci\u00f3n a trav\u00e9s de DIGEEX est\u00e1 reconociendo a los bomberos voluntarios con una certificaci\u00f3n donde se reconoce la labor que hacen en todo el pa\u00eds, seg\u00fan lo dio a conocer el Lic. Carlos Lima Comandante Segundo Jefe del Benem\u00e9rito Cuerpo Voluntario de Bomberos. MIRA: El pasado fin de semana fueron 23 emergencias a las que acudieron los socorristas Esto para ellos es muy motivador y para el personal tambi\u00e9n viene a fortalecer, aparte del servicio, viene a fortalecer el esp\u00edritu de servicio de cada uno de los&hellip;<\/p>\n","protected":false},"author":2,"featured_media":32729,"comment_status":"open","ping_status":"open","sticky":false,"template":"","format":"standard","meta":{"footnotes":""},"categories":[3],"tags":[12650,12649],"class_list":["post-32740","post","type-post","status-publish","format-standard","has-post-thumbnail","hentry","category-locales","tag-estudio-reconocido-por-el-mineduc","tag-hoy-ser-bombero-voluntario-tambien-es-un"],"gutentor_comment":0,"_links":{"self":[{"href":"https:\/\/www.notijalapa.net\/noticias\/wp-json\/wp\/v2\/posts\/32740","targetHints":{"allow":["GET"]}}],"collection":[{"href":"https:\/\/www.notijalapa.net\/noticias\/wp-json\/wp\/v2\/posts"}],"about":[{"href":"https:\/\/www.notijalapa.net\/noticias\/wp-json\/wp\/v2\/types\/post"}],"author":[{"embeddable":true,"href":"https:\/\/www.notijalapa.net\/noticias\/wp-json\/wp\/v2\/users\/2"}],"replies":[{"embeddable":true,"href":"https:\/\/www.notijalapa.net\/noticias\/wp-json\/wp\/v2\/comments?post=32740"}],"version-history":[{"count":3,"href":"https:\/\/www.notijalapa.net\/noticias\/wp-json\/wp\/v2\/posts\/32740\/revisions"}],"predecessor-version":[{"id":32743,"href":"https:\/\/www.notijalapa.net\/noticias\/wp-json\/wp\/v2\/posts\/32740\/revisions\/32743"}],"wp:featuredmedia":[{"embeddable":true,"href":"https:\/\/www.notijalapa.net\/noticias\/wp-json\/wp\/v2\/media\/32729"}],"wp:attachment":[{"href":"https:\/\/www.notijalapa.net\/noticias\/wp-json\/wp\/v2\/media?parent=32740"}],"wp:term":[{"taxonomy":"category","embeddable":true,"href":"https:\/\/www.notijalapa.net\/noticias\/wp-json\/wp\/v2\/categories?post=32740"},{"taxonomy":"post_tag","embeddable":true,"href":"https:\/\/www.notijalapa.net\/noticias\/wp-json\/wp\/v2\/tags?post=32740"}],"curies":[{"name":"wp","href":"https:\/\/api.w.org\/{rel}","templated":true}]}}