{"id":32731,"date":"2026-09-01T10:57:13","date_gmt":"2026-09-01T10:57:13","guid":{"rendered":"https:\/\/www.notijalapa.net\/noticias\/?p=32731"},"modified":"2026-09-01T10:57:13","modified_gmt":"2026-09-01T10:57:13","slug":"capturado-por-portar-el-arma-de-fuego-de-manera-ilegal-y-disparar-al-aire","status":"publish","type":"post","link":"https:\/\/www.notijalapa.net\/noticias\/2026\/09\/01\/capturado-por-portar-el-arma-de-fuego-de-manera-ilegal-y-disparar-al-aire\/","title":{"rendered":"Capturado por portar el arma de fuego de manera ilegal y disparar al aire"},"content":{"rendered":"<p>Durante los recorridos de seguridad ciudadana, agentes del N\u00facleo de Reserva de la Polic\u00eda Nacional Civil, en la Avenida El Cementerio, Jalapa, observaron a una persona que desde el interior de su veh\u00edculo se encontraba efectuando disparos sin causa justificada.<\/p>\n<p>Seg\u00fan Marvin Mart\u00ednez de la oficina de comunicaci\u00f3n social de PNC; inmediatamente se inicia una persecuci\u00f3n la cual finalizo en la 4ta. calle de la zona 2, en donde capturan a Jorge Luis Calder\u00f3n; de 20 a\u00f1os, quien se encontraba en aparente estado de ebriedad.<\/p>\n<p>Al momento de efect\u00faale un registro superficial en el interior del veh\u00edculo 740LQH se le incauto un arma de fuego tipo pistola con 2 cargadores y 35 municiones, al solicitarle la licencia de portaci\u00f3n que extiende de DIGECAM indic\u00f3 carecer\u00e9 de la misma.<\/p>\n","protected":false},"excerpt":{"rendered":"<p>Durante los recorridos de seguridad ciudadana, agentes del N\u00facleo de Reserva de la Polic\u00eda Nacional Civil, en la Avenida El Cementerio, Jalapa, observaron a una persona que desde el interior de su veh\u00edculo se encontraba efectuando disparos sin causa justificada. Seg\u00fan Marvin Mart\u00ednez de la oficina de comunicaci\u00f3n social de PNC; inmediatamente se inicia una persecuci\u00f3n la cual finalizo en la 4ta. calle de la zona 2, en donde capturan a Jorge Luis Calder\u00f3n; de 20 a\u00f1os, quien se encontraba en aparente estado de ebriedad. Al momento de efect\u00faale un&hellip;<\/p>\n","protected":false},"author":2,"featured_media":32725,"comment_status":"open","ping_status":"open","sticky":false,"template":"","format":"standard","meta":{"footnotes":""},"categories":[3],"tags":[12641,12642],"class_list":["post-32731","post","type-post","status-publish","format-standard","has-post-thumbnail","hentry","category-locales","tag-capturado-por-portar-el-arma-de-fuego","tag-de-manera-ilegal-y-disparar-al-aire"],"gutentor_comment":0,"_links":{"self":[{"href":"https:\/\/www.notijalapa.net\/noticias\/wp-json\/wp\/v2\/posts\/32731","targetHints":{"allow":["GET"]}}],"collection":[{"href":"https:\/\/www.notijalapa.net\/noticias\/wp-json\/wp\/v2\/posts"}],"about":[{"href":"https:\/\/www.notijalapa.net\/noticias\/wp-json\/wp\/v2\/types\/post"}],"author":[{"embeddable":true,"href":"https:\/\/www.notijalapa.net\/noticias\/wp-json\/wp\/v2\/users\/2"}],"replies":[{"embeddable":true,"href":"https:\/\/www.notijalapa.net\/noticias\/wp-json\/wp\/v2\/comments?post=32731"}],"version-history":[{"count":1,"href":"https:\/\/www.notijalapa.net\/noticias\/wp-json\/wp\/v2\/posts\/32731\/revisions"}],"predecessor-version":[{"id":32732,"href":"https:\/\/www.notijalapa.net\/noticias\/wp-json\/wp\/v2\/posts\/32731\/revisions\/32732"}],"wp:featuredmedia":[{"embeddable":true,"href":"https:\/\/www.notijalapa.net\/noticias\/wp-json\/wp\/v2\/media\/32725"}],"wp:attachment":[{"href":"https:\/\/www.notijalapa.net\/noticias\/wp-json\/wp\/v2\/media?parent=32731"}],"wp:term":[{"taxonomy":"category","embeddable":true,"href":"https:\/\/www.notijalapa.net\/noticias\/wp-json\/wp\/v2\/categories?post=32731"},{"taxonomy":"post_tag","embeddable":true,"href":"https:\/\/www.notijalapa.net\/noticias\/wp-json\/wp\/v2\/tags?post=32731"}],"curies":[{"name":"wp","href":"https:\/\/api.w.org\/{rel}","templated":true}]}}