{"id":32723,"date":"2026-09-01T10:56:49","date_gmt":"2026-09-01T10:56:49","guid":{"rendered":"https:\/\/www.notijalapa.net\/noticias\/?p=32723"},"modified":"2026-09-01T10:56:49","modified_gmt":"2026-09-01T10:56:49","slug":"el-pasado-fin-de-semana-fueron-23-emergencias-a-las-que-acudieron-los-socorristas","status":"publish","type":"post","link":"https:\/\/www.notijalapa.net\/noticias\/2026\/09\/01\/el-pasado-fin-de-semana-fueron-23-emergencias-a-las-que-acudieron-los-socorristas\/","title":{"rendered":"El pasado fin de semana fueron 23 emergencias a las que acudieron los socorristas"},"content":{"rendered":"<p>El pasado fin de semana se atendieron un total de 23 emergencias, en donde se puede ver que disminuyeron comparado con fines de semana anteriores, seg\u00fan lo dio a conocer Douglas Aguilar portavoz de Bomberos Voluntarios.<\/p>\n<p>Entre los servicios est\u00e1n, que fueron requeridos en caser\u00edo El Suquinay, aldea El Divisadero, en donde les informaron de una persona agredida, al llegar al lugar atendieron a Cayetano Ochoa; de 65 a\u00f1os, quien presentaba un estado consciente y una herida cortante en el p\u00f3mulo derecho de aproximadamente 15 cent\u00edmetros de largo, misma que le ocasionaron sujetos desconocidos.<\/p>\n<p>En la ruta que de Jalapa conduce al municipio de Monjas, fueron informados de accidente de tr\u00e1nsito, en donde atendieron a Elvis Sandoval; de 31 a\u00f1os, quien presentaba dolor en la extremidad superior izquierda, as\u00ed como una herida en el rostro, misma que se ocasiona cuando se conduc\u00eda en una motocicleta y por causas que se desconocen perdi\u00f3 el control de la misma.<\/p>\n<p>En la 3ra. calle y Avenida Chipilapa, barrio La Esperanza, Jalapa, atendieron a Arnelio Celestino; de 38 a\u00f1os, quien presentaba un estado obnubilado, epitaxis, golpes y laceraciones, mismas que se ocasiona cuando se conduc\u00eda en una motocicleta y por causas que se desconocen perdi\u00f3 el control de la misma.<\/p>\n","protected":false},"excerpt":{"rendered":"<p>El pasado fin de semana se atendieron un total de 23 emergencias, en donde se puede ver que disminuyeron comparado con fines de semana anteriores, seg\u00fan lo dio a conocer Douglas Aguilar portavoz de Bomberos Voluntarios. Entre los servicios est\u00e1n, que fueron requeridos en caser\u00edo El Suquinay, aldea El Divisadero, en donde les informaron de una persona agredida, al llegar al lugar atendieron a Cayetano Ochoa; de 65 a\u00f1os, quien presentaba un estado consciente y una herida cortante en el p\u00f3mulo derecho de aproximadamente 15 cent\u00edmetros de largo, misma que&hellip;<\/p>\n","protected":false},"author":2,"featured_media":32724,"comment_status":"open","ping_status":"open","sticky":false,"template":"","format":"standard","meta":{"footnotes":""},"categories":[3],"tags":[3778,12640],"class_list":["post-32723","post","type-post","status-publish","format-standard","has-post-thumbnail","hentry","category-locales","tag-a-las-que-acudieron-los-socorristas","tag-el-pasado-fin-de-semana-fueron-23-emergencias"],"gutentor_comment":0,"_links":{"self":[{"href":"https:\/\/www.notijalapa.net\/noticias\/wp-json\/wp\/v2\/posts\/32723","targetHints":{"allow":["GET"]}}],"collection":[{"href":"https:\/\/www.notijalapa.net\/noticias\/wp-json\/wp\/v2\/posts"}],"about":[{"href":"https:\/\/www.notijalapa.net\/noticias\/wp-json\/wp\/v2\/types\/post"}],"author":[{"embeddable":true,"href":"https:\/\/www.notijalapa.net\/noticias\/wp-json\/wp\/v2\/users\/2"}],"replies":[{"embeddable":true,"href":"https:\/\/www.notijalapa.net\/noticias\/wp-json\/wp\/v2\/comments?post=32723"}],"version-history":[{"count":1,"href":"https:\/\/www.notijalapa.net\/noticias\/wp-json\/wp\/v2\/posts\/32723\/revisions"}],"predecessor-version":[{"id":32730,"href":"https:\/\/www.notijalapa.net\/noticias\/wp-json\/wp\/v2\/posts\/32723\/revisions\/32730"}],"wp:featuredmedia":[{"embeddable":true,"href":"https:\/\/www.notijalapa.net\/noticias\/wp-json\/wp\/v2\/media\/32724"}],"wp:attachment":[{"href":"https:\/\/www.notijalapa.net\/noticias\/wp-json\/wp\/v2\/media?parent=32723"}],"wp:term":[{"taxonomy":"category","embeddable":true,"href":"https:\/\/www.notijalapa.net\/noticias\/wp-json\/wp\/v2\/categories?post=32723"},{"taxonomy":"post_tag","embeddable":true,"href":"https:\/\/www.notijalapa.net\/noticias\/wp-json\/wp\/v2\/tags?post=32723"}],"curies":[{"name":"wp","href":"https:\/\/api.w.org\/{rel}","templated":true}]}}