{"id":3221,"date":"2022-02-15T13:51:55","date_gmt":"2022-02-15T13:51:55","guid":{"rendered":"https:\/\/www.notijalapa.net\/noticias\/?p=3221"},"modified":"2022-02-15T14:10:20","modified_gmt":"2022-02-15T14:10:20","slug":"fenomenos-naturales-causan-cambios-de-clima","status":"publish","type":"post","link":"https:\/\/www.notijalapa.net\/noticias\/2022\/02\/15\/fenomenos-naturales-causan-cambios-de-clima\/","title":{"rendered":"Fen\u00f3menos naturales causan cambios de clima"},"content":{"rendered":"<p>Seg\u00fan los pron\u00f3sticos del insivumeh, para esta semana se tiene el ingreso de un frente frio por el lado del caribe, y hay un sistema de alta presi\u00f3n que esta ocasionando el ingreso de humedad y descensos de temperatura, seg\u00fan lo dio a conocer Jos\u00e9 Bola\u00f1os delegado de la CONRED en Jalapa.<\/p>\n<p><a href=\"https:\/\/www.notijalapa.net\/noticias\/2022\/02\/15\/intensifican-operativos-luego-de-los-tres-hechos-de-violencia\/\">MIRA: Intensifican operativos luego de los tres hechos de violencia<\/a><\/p>\n<p>Estos dos fen\u00f3menos naturales est\u00e1n causando que en partes del pa\u00eds se den algunas tormentas y en algunos casos acompa\u00f1amiento de granizo, y el fuerte viento que se pueda estar sintiendo en horas de la ma\u00f1ana y en horas de la tarde noche.<\/p>\n<p><iframe loading=\"lazy\" title=\"Fen\u00f3menos Naturales Causan Cambios De Clima 1\" width=\"640\" height=\"360\" src=\"https:\/\/www.youtube.com\/embed\/Ku0l53X1wnQ?feature=oembed\" frameborder=\"0\" allow=\"accelerometer; autoplay; clipboard-write; encrypted-media; gyroscope; picture-in-picture; web-share\" referrerpolicy=\"strict-origin-when-cross-origin\" allowfullscreen><\/iframe><\/p>\n<p>Es recomendable asegurar bien los techos de las viviendas, para evitar que el viento los levante, as\u00ed mismo abrigarse bien m\u00e1s los ni\u00f1os y las personas de la tercera edad, porque pueden sufrir enfermedades respiratorias por los diversos cambios de clima que se van a estar generando.<\/p>\n<p style=\"text-align: center;\"><iframe loading=\"lazy\" style=\"border: none; overflow: hidden;\" src=\"https:\/\/www.facebook.com\/plugins\/post.php?href=https%3A%2F%2Fwww.facebook.com%2Fpermalink.php%3Fstory_fbid%3D4894956670620445%26id%3D541551329294356&amp;show_text=true&amp;width=500\" width=\"500\" height=\"773\" frameborder=\"0\" scrolling=\"no\" allowfullscreen=\"allowfullscreen\"><\/iframe><\/p>\n","protected":false},"excerpt":{"rendered":"<p>Seg\u00fan los pron\u00f3sticos del insivumeh, para esta semana se tiene el ingreso de un frente frio por el lado del caribe, y hay un sistema de alta presi\u00f3n que esta ocasionando el ingreso de humedad y descensos de temperatura, seg\u00fan lo dio a conocer Jos\u00e9 Bola\u00f1os delegado de la CONRED en Jalapa. MIRA: Intensifican operativos luego de los tres hechos de violencia Estos dos fen\u00f3menos naturales est\u00e1n causando que en partes del pa\u00eds se den algunas tormentas y en algunos casos acompa\u00f1amiento de granizo, y el fuerte viento que se&hellip;<\/p>\n","protected":false},"author":2,"featured_media":3222,"comment_status":"open","ping_status":"open","sticky":false,"template":"","format":"standard","meta":{"footnotes":""},"categories":[3],"tags":[25,97],"class_list":["post-3221","post","type-post","status-publish","format-standard","has-post-thumbnail","hentry","category-locales","tag-conred","tag-insivumeh"],"gutentor_comment":0,"_links":{"self":[{"href":"https:\/\/www.notijalapa.net\/noticias\/wp-json\/wp\/v2\/posts\/3221","targetHints":{"allow":["GET"]}}],"collection":[{"href":"https:\/\/www.notijalapa.net\/noticias\/wp-json\/wp\/v2\/posts"}],"about":[{"href":"https:\/\/www.notijalapa.net\/noticias\/wp-json\/wp\/v2\/types\/post"}],"author":[{"embeddable":true,"href":"https:\/\/www.notijalapa.net\/noticias\/wp-json\/wp\/v2\/users\/2"}],"replies":[{"embeddable":true,"href":"https:\/\/www.notijalapa.net\/noticias\/wp-json\/wp\/v2\/comments?post=3221"}],"version-history":[{"count":2,"href":"https:\/\/www.notijalapa.net\/noticias\/wp-json\/wp\/v2\/posts\/3221\/revisions"}],"predecessor-version":[{"id":3245,"href":"https:\/\/www.notijalapa.net\/noticias\/wp-json\/wp\/v2\/posts\/3221\/revisions\/3245"}],"wp:featuredmedia":[{"embeddable":true,"href":"https:\/\/www.notijalapa.net\/noticias\/wp-json\/wp\/v2\/media\/3222"}],"wp:attachment":[{"href":"https:\/\/www.notijalapa.net\/noticias\/wp-json\/wp\/v2\/media?parent=3221"}],"wp:term":[{"taxonomy":"category","embeddable":true,"href":"https:\/\/www.notijalapa.net\/noticias\/wp-json\/wp\/v2\/categories?post=3221"},{"taxonomy":"post_tag","embeddable":true,"href":"https:\/\/www.notijalapa.net\/noticias\/wp-json\/wp\/v2\/tags?post=3221"}],"curies":[{"name":"wp","href":"https:\/\/api.w.org\/{rel}","templated":true}]}}