{"id":3179,"date":"2022-02-11T16:06:50","date_gmt":"2022-02-11T16:06:50","guid":{"rendered":"https:\/\/www.notijalapa.net\/noticias\/?p=3179"},"modified":"2022-02-11T16:18:31","modified_gmt":"2022-02-11T16:18:31","slug":"procesiones-de-semana-santa-podrian-quedar-suspendidas","status":"publish","type":"post","link":"https:\/\/www.notijalapa.net\/noticias\/2022\/02\/11\/procesiones-de-semana-santa-podrian-quedar-suspendidas\/","title":{"rendered":"Procesiones de semana santa podr\u00edan quedar suspendidas"},"content":{"rendered":"<p>Las procesiones son una expresi\u00f3n popular o de como los guatemaltecos expresan su fe y celebran el misterio de la redenci\u00f3n, la semana santa tienen una cantidad grande de expresiones, pero las circunstancias de la pandemia est\u00e1n haciendo que se limiten las procesiones, seg\u00fan lo dio a conocer el Sacerdote Celestino Alvisurez.<\/p>\n<p><a href=\"https:\/\/www.notijalapa.net\/noticias\/2022\/02\/11\/corriendo-celebraran-el-dia-del-carino\/\">MIRA: Corriendo celebraran el d\u00eda del cari\u00f1o<\/a><\/p>\n<p>En la Parroquia Nuestra Se\u00f1ora del Carmen, por las circunstancias de que todav\u00eda estamos en pandemia, a\u00fan est\u00e1n en pl\u00e1ticas si se realizaran las procesiones o no, aunque lo m\u00e1s segura ser\u00e1 que este a\u00f1o se tendr\u00e1 que renunciar a ese tipo de expresi\u00f3n de fe, por lo tanto, las procesiones de semana santa este a\u00f1o quedaran suspendidas.<\/p>\n<p><iframe loading=\"lazy\" title=\"Procesiones De Semana Santa Podr\u00edan Quedar Suspendidas 1\" width=\"640\" height=\"360\" src=\"https:\/\/www.youtube.com\/embed\/0QVr1ec8X-c?feature=oembed\" frameborder=\"0\" allow=\"accelerometer; autoplay; clipboard-write; encrypted-media; gyroscope; picture-in-picture; web-share\" referrerpolicy=\"strict-origin-when-cross-origin\" allowfullscreen><\/iframe><\/p>\n<p>Si habr\u00e1 algunas celebraciones sacramentales y celebraciones lit\u00fargicas en esta semana santa, pero las procesiones no se realizar\u00e1n, por lo que piden la comprensi\u00f3n de todas las personas que ya se estaban preparando para las procesiones.<\/p>\n<p style=\"text-align: center;\"><iframe loading=\"lazy\" style=\"border: none; overflow: hidden;\" src=\"https:\/\/www.facebook.com\/plugins\/post.php?href=https%3A%2F%2Fwww.facebook.com%2Fpermalink.php%3Fstory_fbid%3D4882981378484641%26id%3D541551329294356&amp;show_text=true&amp;width=500\" width=\"500\" height=\"792\" frameborder=\"0\" scrolling=\"no\" allowfullscreen=\"allowfullscreen\"><\/iframe><\/p>\n","protected":false},"excerpt":{"rendered":"<p>Las procesiones son una expresi\u00f3n popular o de como los guatemaltecos expresan su fe y celebran el misterio de la redenci\u00f3n, la semana santa tienen una cantidad grande de expresiones, pero las circunstancias de la pandemia est\u00e1n haciendo que se limiten las procesiones, seg\u00fan lo dio a conocer el Sacerdote Celestino Alvisurez. MIRA: Corriendo celebraran el d\u00eda del cari\u00f1o En la Parroquia Nuestra Se\u00f1ora del Carmen, por las circunstancias de que todav\u00eda estamos en pandemia, a\u00fan est\u00e1n en pl\u00e1ticas si se realizaran las procesiones o no, aunque lo m\u00e1s segura&hellip;<\/p>\n","protected":false},"author":2,"featured_media":3168,"comment_status":"open","ping_status":"open","sticky":false,"template":"","format":"standard","meta":{"footnotes":""},"categories":[3],"tags":[655,656],"class_list":["post-3179","post","type-post","status-publish","format-standard","has-post-thumbnail","hentry","category-locales","tag-procesiones","tag-semana-santa"],"gutentor_comment":0,"_links":{"self":[{"href":"https:\/\/www.notijalapa.net\/noticias\/wp-json\/wp\/v2\/posts\/3179","targetHints":{"allow":["GET"]}}],"collection":[{"href":"https:\/\/www.notijalapa.net\/noticias\/wp-json\/wp\/v2\/posts"}],"about":[{"href":"https:\/\/www.notijalapa.net\/noticias\/wp-json\/wp\/v2\/types\/post"}],"author":[{"embeddable":true,"href":"https:\/\/www.notijalapa.net\/noticias\/wp-json\/wp\/v2\/users\/2"}],"replies":[{"embeddable":true,"href":"https:\/\/www.notijalapa.net\/noticias\/wp-json\/wp\/v2\/comments?post=3179"}],"version-history":[{"count":3,"href":"https:\/\/www.notijalapa.net\/noticias\/wp-json\/wp\/v2\/posts\/3179\/revisions"}],"predecessor-version":[{"id":3182,"href":"https:\/\/www.notijalapa.net\/noticias\/wp-json\/wp\/v2\/posts\/3179\/revisions\/3182"}],"wp:featuredmedia":[{"embeddable":true,"href":"https:\/\/www.notijalapa.net\/noticias\/wp-json\/wp\/v2\/media\/3168"}],"wp:attachment":[{"href":"https:\/\/www.notijalapa.net\/noticias\/wp-json\/wp\/v2\/media?parent=3179"}],"wp:term":[{"taxonomy":"category","embeddable":true,"href":"https:\/\/www.notijalapa.net\/noticias\/wp-json\/wp\/v2\/categories?post=3179"},{"taxonomy":"post_tag","embeddable":true,"href":"https:\/\/www.notijalapa.net\/noticias\/wp-json\/wp\/v2\/tags?post=3179"}],"curies":[{"name":"wp","href":"https:\/\/api.w.org\/{rel}","templated":true}]}}