{"id":3175,"date":"2022-02-11T16:05:33","date_gmt":"2022-02-11T16:05:33","guid":{"rendered":"https:\/\/www.notijalapa.net\/noticias\/?p=3175"},"modified":"2022-02-11T16:20:20","modified_gmt":"2022-02-11T16:20:20","slug":"era-requerido-por-la-justicia-por-haber-portado-de-manera-ilegal-un-arma-de-fuego","status":"publish","type":"post","link":"https:\/\/www.notijalapa.net\/noticias\/2022\/02\/11\/era-requerido-por-la-justicia-por-haber-portado-de-manera-ilegal-un-arma-de-fuego\/","title":{"rendered":"Era requerido por la justicia por haber portado de manera ilegal un arma de fuego"},"content":{"rendered":"<p>Agentes de la Polic\u00eda Nacional Civil, en la calle principal de la aldea Sanyuyo, Jalapa, realizan la detenci\u00f3n del se\u00f1or Erick Oswaldo Aguilar L\u00f3pez; de 32 a\u00f1os, esto d\u00e1ndole seguimiento a una orden de captura vigente girada en su contra.<\/p>\n<p><a href=\"https:\/\/www.notijalapa.net\/noticias\/2022\/02\/11\/la-comunidad-catolica-tambien-se-ha-visto-afectada-por-la-pandemia\/\">MIRA: La comunidad cat\u00f3lica tambi\u00e9n se ha visto afectada por la pandemia<\/a><\/p>\n<p>Seg\u00fan Luis de la Cruz delegado de la oficina de comunicaci\u00f3n social de PNC; esta persona era requerida desde el 19 de julio del a\u00f1o 2021, por el Juzgado de Primera Instancia Pluripersonal de Ejecuci\u00f3n Penal del departamento de Guatemala, sindic\u00e1ndolo de haber cometido el delito de portaci\u00f3n ilegal de arma de fuego de uso civil o deportiva.<\/p>\n<p><iframe loading=\"lazy\" title=\"Era Requerido Por La Justicia Por Haber Portado De Manera Ilegal Un Arma De Fuego 1\" width=\"640\" height=\"360\" src=\"https:\/\/www.youtube.com\/embed\/Xm9uikyUdEY?feature=oembed\" frameborder=\"0\" allow=\"accelerometer; autoplay; clipboard-write; encrypted-media; gyroscope; picture-in-picture; web-share\" referrerpolicy=\"strict-origin-when-cross-origin\" allowfullscreen><\/iframe><\/p>\n<p>Luego que los agentes policiales realizaron a la detenci\u00f3n de la persona antes en menci\u00f3n, esta fue puesta a disposici\u00f3n de los tribunales que lo requieren para que pueda solventar su situaci\u00f3n jur\u00eddica. Ya le hab\u00edan otorgado la medida sustitutiva y al no respetar el proceso, le fue girada la orden de aprensi\u00f3n.<\/p>\n<p style=\"text-align: center;\"><iframe loading=\"lazy\" style=\"border: none; overflow: hidden;\" src=\"https:\/\/www.facebook.com\/plugins\/post.php?href=https%3A%2F%2Fwww.facebook.com%2Fpermalink.php%3Fstory_fbid%3D4882973485152097%26id%3D541551329294356&amp;show_text=true&amp;width=500\" width=\"500\" height=\"773\" frameborder=\"0\" scrolling=\"no\" allowfullscreen=\"allowfullscreen\"><\/iframe><\/p>\n","protected":false},"excerpt":{"rendered":"<p>Agentes de la Polic\u00eda Nacional Civil, en la calle principal de la aldea Sanyuyo, Jalapa, realizan la detenci\u00f3n del se\u00f1or Erick Oswaldo Aguilar L\u00f3pez; de 32 a\u00f1os, esto d\u00e1ndole seguimiento a una orden de captura vigente girada en su contra. MIRA: La comunidad cat\u00f3lica tambi\u00e9n se ha visto afectada por la pandemia Seg\u00fan Luis de la Cruz delegado de la oficina de comunicaci\u00f3n social de PNC; esta persona era requerida desde el 19 de julio del a\u00f1o 2021, por el Juzgado de Primera Instancia Pluripersonal de Ejecuci\u00f3n Penal del departamento&hellip;<\/p>\n","protected":false},"author":2,"featured_media":3169,"comment_status":"open","ping_status":"open","sticky":false,"template":"","format":"standard","meta":{"footnotes":""},"categories":[3],"tags":[444,236],"class_list":["post-3175","post","type-post","status-publish","format-standard","has-post-thumbnail","hentry","category-locales","tag-arma-de-fuego","tag-orden-de-captura"],"gutentor_comment":0,"_links":{"self":[{"href":"https:\/\/www.notijalapa.net\/noticias\/wp-json\/wp\/v2\/posts\/3175","targetHints":{"allow":["GET"]}}],"collection":[{"href":"https:\/\/www.notijalapa.net\/noticias\/wp-json\/wp\/v2\/posts"}],"about":[{"href":"https:\/\/www.notijalapa.net\/noticias\/wp-json\/wp\/v2\/types\/post"}],"author":[{"embeddable":true,"href":"https:\/\/www.notijalapa.net\/noticias\/wp-json\/wp\/v2\/users\/2"}],"replies":[{"embeddable":true,"href":"https:\/\/www.notijalapa.net\/noticias\/wp-json\/wp\/v2\/comments?post=3175"}],"version-history":[{"count":2,"href":"https:\/\/www.notijalapa.net\/noticias\/wp-json\/wp\/v2\/posts\/3175\/revisions"}],"predecessor-version":[{"id":3184,"href":"https:\/\/www.notijalapa.net\/noticias\/wp-json\/wp\/v2\/posts\/3175\/revisions\/3184"}],"wp:featuredmedia":[{"embeddable":true,"href":"https:\/\/www.notijalapa.net\/noticias\/wp-json\/wp\/v2\/media\/3169"}],"wp:attachment":[{"href":"https:\/\/www.notijalapa.net\/noticias\/wp-json\/wp\/v2\/media?parent=3175"}],"wp:term":[{"taxonomy":"category","embeddable":true,"href":"https:\/\/www.notijalapa.net\/noticias\/wp-json\/wp\/v2\/categories?post=3175"},{"taxonomy":"post_tag","embeddable":true,"href":"https:\/\/www.notijalapa.net\/noticias\/wp-json\/wp\/v2\/tags?post=3175"}],"curies":[{"name":"wp","href":"https:\/\/api.w.org\/{rel}","templated":true}]}}