{"id":3173,"date":"2022-02-11T16:04:29","date_gmt":"2022-02-11T16:04:29","guid":{"rendered":"https:\/\/www.notijalapa.net\/noticias\/?p=3173"},"modified":"2022-02-11T16:21:10","modified_gmt":"2022-02-11T16:21:10","slug":"la-comunidad-catolica-tambien-se-ha-visto-afectada-por-la-pandemia","status":"publish","type":"post","link":"https:\/\/www.notijalapa.net\/noticias\/2022\/02\/11\/la-comunidad-catolica-tambien-se-ha-visto-afectada-por-la-pandemia\/","title":{"rendered":"La comunidad cat\u00f3lica tambi\u00e9n se ha visto afectada por la pandemia"},"content":{"rendered":"<p>Para ellos esta pandemia ha sido muy dif\u00edcil, porque no se ha tenido la presencia de los feligrese en las iglesias, se han tenido que suspender diversas actividades, esto por el mismo tema, desde el a\u00f1o pasado las eucarist\u00edas las tuvieron que trabajar de manera virtual, seg\u00fan lo dio a conocer el Sacerdote Celestino Alvisurez.<\/p>\n<p><a href=\"https:\/\/www.notijalapa.net\/noticias\/2022\/02\/11\/era-requerido-por-la-justicia-por-haber-portado-de-manera-ilegal-un-arma-de-fuego\/\">MIRA: Era requerido por la justicia por haber portado de manera ilegal un arma de fuego<\/a><\/p>\n<p>No se pueden llenar los templos como antes, ahora hay muchas limitaciones, no se les puede dar la participaci\u00f3n a las personas, se deben de realizar m\u00e1s celebraciones de eucarist\u00edas para tener grupos de personas, pero si ha sido muy dif\u00edcil porque las personas que antes asist\u00edan a los templos ahora no pueden asistir.<\/p>\n<p><iframe loading=\"lazy\" title=\"La Comunidad Cat\u00f3lica Tambi\u00e9n Se Ha Visto Afectada Por La Pandemia 1\" width=\"640\" height=\"360\" src=\"https:\/\/www.youtube.com\/embed\/BaEmvqi02qc?feature=oembed\" frameborder=\"0\" allow=\"accelerometer; autoplay; clipboard-write; encrypted-media; gyroscope; picture-in-picture; web-share\" referrerpolicy=\"strict-origin-when-cross-origin\" allowfullscreen><\/iframe><\/p>\n<p>Ellos han tratado de acomodarse a las nuevas circunstancias, el templo muchas veces se mantiene abierto, para todas aquellas personas que quieran llegar hacer sus peticiones, pero se deben de cumplir siempre con ciertos protocolos para ingresar.<\/p>\n<p style=\"text-align: center;\"><iframe loading=\"lazy\" style=\"border: none; overflow: hidden;\" src=\"https:\/\/www.facebook.com\/plugins\/post.php?href=https%3A%2F%2Fwww.facebook.com%2Fpermalink.php%3Fstory_fbid%3D4882970445152401%26id%3D541551329294356&amp;show_text=true&amp;width=500\" width=\"500\" height=\"773\" frameborder=\"0\" scrolling=\"no\" allowfullscreen=\"allowfullscreen\"><\/iframe><\/p>\n","protected":false},"excerpt":{"rendered":"<p>Para ellos esta pandemia ha sido muy dif\u00edcil, porque no se ha tenido la presencia de los feligrese en las iglesias, se han tenido que suspender diversas actividades, esto por el mismo tema, desde el a\u00f1o pasado las eucarist\u00edas las tuvieron que trabajar de manera virtual, seg\u00fan lo dio a conocer el Sacerdote Celestino Alvisurez. MIRA: Era requerido por la justicia por haber portado de manera ilegal un arma de fuego No se pueden llenar los templos como antes, ahora hay muchas limitaciones, no se les puede dar la participaci\u00f3n&hellip;<\/p>\n","protected":false},"author":2,"featured_media":3168,"comment_status":"open","ping_status":"open","sticky":false,"template":"","format":"standard","meta":{"footnotes":""},"categories":[3],"tags":[652,651],"class_list":["post-3173","post","type-post","status-publish","format-standard","has-post-thumbnail","hentry","category-locales","tag-eucaristias","tag-feligrese"],"gutentor_comment":0,"_links":{"self":[{"href":"https:\/\/www.notijalapa.net\/noticias\/wp-json\/wp\/v2\/posts\/3173","targetHints":{"allow":["GET"]}}],"collection":[{"href":"https:\/\/www.notijalapa.net\/noticias\/wp-json\/wp\/v2\/posts"}],"about":[{"href":"https:\/\/www.notijalapa.net\/noticias\/wp-json\/wp\/v2\/types\/post"}],"author":[{"embeddable":true,"href":"https:\/\/www.notijalapa.net\/noticias\/wp-json\/wp\/v2\/users\/2"}],"replies":[{"embeddable":true,"href":"https:\/\/www.notijalapa.net\/noticias\/wp-json\/wp\/v2\/comments?post=3173"}],"version-history":[{"count":2,"href":"https:\/\/www.notijalapa.net\/noticias\/wp-json\/wp\/v2\/posts\/3173\/revisions"}],"predecessor-version":[{"id":3185,"href":"https:\/\/www.notijalapa.net\/noticias\/wp-json\/wp\/v2\/posts\/3173\/revisions\/3185"}],"wp:featuredmedia":[{"embeddable":true,"href":"https:\/\/www.notijalapa.net\/noticias\/wp-json\/wp\/v2\/media\/3168"}],"wp:attachment":[{"href":"https:\/\/www.notijalapa.net\/noticias\/wp-json\/wp\/v2\/media?parent=3173"}],"wp:term":[{"taxonomy":"category","embeddable":true,"href":"https:\/\/www.notijalapa.net\/noticias\/wp-json\/wp\/v2\/categories?post=3173"},{"taxonomy":"post_tag","embeddable":true,"href":"https:\/\/www.notijalapa.net\/noticias\/wp-json\/wp\/v2\/tags?post=3173"}],"curies":[{"name":"wp","href":"https:\/\/api.w.org\/{rel}","templated":true}]}}