{"id":3171,"date":"2022-02-11T16:03:51","date_gmt":"2022-02-11T16:03:51","guid":{"rendered":"https:\/\/www.notijalapa.net\/noticias\/?p=3171"},"modified":"2022-02-11T16:22:10","modified_gmt":"2022-02-11T16:22:10","slug":"ciclo-escolar-2022-iniciara-de-manera-virtual","status":"publish","type":"post","link":"https:\/\/www.notijalapa.net\/noticias\/2022\/02\/11\/ciclo-escolar-2022-iniciara-de-manera-virtual\/","title":{"rendered":"Ciclo escolar 2022 iniciara de manera virtual"},"content":{"rendered":"<p>El d\u00eda lunes, enviaron nuevas directrices por parte del ministerio de educaci\u00f3n, en donde las clases del ciclo escolar 2022 se tendr\u00e1n que iniciar de manera virtual, esto porque seg\u00fan el sem\u00e1foro epidemiol\u00f3gico se encuentra en rojo el departamento de Jalapa, seg\u00fan lo dio a conocer Lic. Efra\u00edn Salazar Director Departamental de Educaci\u00f3n.<\/p>\n<p><a href=\"https:\/\/www.notijalapa.net\/noticias\/2022\/02\/11\/el-21-de-febrero-iniciaran-a-entregar-los-programas-de-apoyo\/\">MIRA: El 21 de febrero iniciaran a entregar los programas de apoyo<\/a><\/p>\n<p>Esta modalidad se tendr\u00e1 que trabajar tanto para el sector p\u00fablico como privado, esto para evitar que los ni\u00f1os y j\u00f3venes puedan enfermarse, as\u00ed mismo se buscaran m\u00e9todos para que los ni\u00f1os que no tienen acceso a la tecnolog\u00eda puedan tener el material de aprendizaje.<\/p>\n<p><iframe loading=\"lazy\" title=\"Ciclo Escolar 2022 Iniciara De Manera Virtual 1\" width=\"640\" height=\"360\" src=\"https:\/\/www.youtube.com\/embed\/-npmZMXTBPY?feature=oembed\" frameborder=\"0\" allow=\"accelerometer; autoplay; clipboard-write; encrypted-media; gyroscope; picture-in-picture; web-share\" referrerpolicy=\"strict-origin-when-cross-origin\" allowfullscreen><\/iframe><\/p>\n<p>Ellos est\u00e1n afinando los \u00faltimos detalles, debido a que se deben de tomar todas las medidas de bioseguridad, para proteger la salud de todos los estudiantes. Cabe mencionar, que cuando se trabaje de manera hibrida depender\u00e1 de cada uno de los padres de familia quienes decidan si sus hijos pueden regresar a las \u00e1lulas o deben de trabajar de manera virtual.<\/p>\n<p style=\"text-align: center;\"><iframe loading=\"lazy\" style=\"border: none; overflow: hidden;\" src=\"https:\/\/www.facebook.com\/plugins\/post.php?href=https%3A%2F%2Fwww.facebook.com%2Fpermalink.php%3Fstory_fbid%3D4882967068486072%26id%3D541551329294356&amp;show_text=true&amp;width=500\" width=\"500\" height=\"754\" frameborder=\"0\" scrolling=\"no\" allowfullscreen=\"allowfullscreen\"><\/iframe><\/p>\n","protected":false},"excerpt":{"rendered":"<p>El d\u00eda lunes, enviaron nuevas directrices por parte del ministerio de educaci\u00f3n, en donde las clases del ciclo escolar 2022 se tendr\u00e1n que iniciar de manera virtual, esto porque seg\u00fan el sem\u00e1foro epidemiol\u00f3gico se encuentra en rojo el departamento de Jalapa, seg\u00fan lo dio a conocer Lic. Efra\u00edn Salazar Director Departamental de Educaci\u00f3n. MIRA: El 21 de febrero iniciaran a entregar los programas de apoyo Esta modalidad se tendr\u00e1 que trabajar tanto para el sector p\u00fablico como privado, esto para evitar que los ni\u00f1os y j\u00f3venes puedan enfermarse, as\u00ed mismo&hellip;<\/p>\n","protected":false},"author":2,"featured_media":3167,"comment_status":"open","ping_status":"open","sticky":false,"template":"","format":"standard","meta":{"footnotes":""},"categories":[3],"tags":[208,650],"class_list":["post-3171","post","type-post","status-publish","format-standard","has-post-thumbnail","hentry","category-locales","tag-ministerio-de-educacion","tag-publico-como-privado"],"gutentor_comment":0,"_links":{"self":[{"href":"https:\/\/www.notijalapa.net\/noticias\/wp-json\/wp\/v2\/posts\/3171","targetHints":{"allow":["GET"]}}],"collection":[{"href":"https:\/\/www.notijalapa.net\/noticias\/wp-json\/wp\/v2\/posts"}],"about":[{"href":"https:\/\/www.notijalapa.net\/noticias\/wp-json\/wp\/v2\/types\/post"}],"author":[{"embeddable":true,"href":"https:\/\/www.notijalapa.net\/noticias\/wp-json\/wp\/v2\/users\/2"}],"replies":[{"embeddable":true,"href":"https:\/\/www.notijalapa.net\/noticias\/wp-json\/wp\/v2\/comments?post=3171"}],"version-history":[{"count":2,"href":"https:\/\/www.notijalapa.net\/noticias\/wp-json\/wp\/v2\/posts\/3171\/revisions"}],"predecessor-version":[{"id":3186,"href":"https:\/\/www.notijalapa.net\/noticias\/wp-json\/wp\/v2\/posts\/3171\/revisions\/3186"}],"wp:featuredmedia":[{"embeddable":true,"href":"https:\/\/www.notijalapa.net\/noticias\/wp-json\/wp\/v2\/media\/3167"}],"wp:attachment":[{"href":"https:\/\/www.notijalapa.net\/noticias\/wp-json\/wp\/v2\/media?parent=3171"}],"wp:term":[{"taxonomy":"category","embeddable":true,"href":"https:\/\/www.notijalapa.net\/noticias\/wp-json\/wp\/v2\/categories?post=3171"},{"taxonomy":"post_tag","embeddable":true,"href":"https:\/\/www.notijalapa.net\/noticias\/wp-json\/wp\/v2\/tags?post=3171"}],"curies":[{"name":"wp","href":"https:\/\/api.w.org\/{rel}","templated":true}]}}