{"id":3165,"date":"2022-02-11T16:02:45","date_gmt":"2022-02-11T16:02:45","guid":{"rendered":"https:\/\/www.notijalapa.net\/noticias\/?p=3165"},"modified":"2022-02-11T16:23:05","modified_gmt":"2022-02-11T16:23:05","slug":"corriendo-celebraran-el-dia-del-carino","status":"publish","type":"post","link":"https:\/\/www.notijalapa.net\/noticias\/2022\/02\/11\/corriendo-celebraran-el-dia-del-carino\/","title":{"rendered":"Corriendo celebraran el d\u00eda del cari\u00f1o"},"content":{"rendered":"<p>Por parte de la Asociaci\u00f3n Corre T-21 buscan conmemorar el d\u00eda del cari\u00f1o, por ello han decidido hacer una carrera de 21 kil\u00f3metros, saliendo desde el municipio de Monjas y culminar en el parque Centenario, seg\u00fan lo dio a conocer Fernando Ju\u00e1rez corredor jalapaneco.<\/p>\n<p><a href=\"https:\/\/www.notijalapa.net\/noticias\/2022\/02\/11\/procesiones-de-semana-santa-podrian-quedar-suspendidas\/\">MIRA: Procesiones de semana santa podr\u00edan quedar suspendidas<\/a><\/p>\n<p>Esta carrera la van a realizar el d\u00eda domingo 27 de febrero, en donde esperan que puedan participar unos 150 atletas de diferentes partes del pa\u00eds, esta carrera es por segundo a\u00f1o consecutivo que la realizan y van a contar con todos los protocolos de bioseguridad.<\/p>\n<p><iframe loading=\"lazy\" title=\"Corriendo Celebraran El D\u00eda Del Cari\u00f1o 1\" width=\"640\" height=\"360\" src=\"https:\/\/www.youtube.com\/embed\/ZQb8X3w1SCI?feature=oembed\" frameborder=\"0\" allow=\"accelerometer; autoplay; clipboard-write; encrypted-media; gyroscope; picture-in-picture; web-share\" referrerpolicy=\"strict-origin-when-cross-origin\" allowfullscreen><\/iframe><\/p>\n<p>Hace la invitaci\u00f3n para que se pueden unir a este reto, el costo de la inscripci\u00f3n de es de ciento cincuenta quetzales, que incluye la playera conmemorativa, medalla e hidratico, as\u00ed mismo a los primeros lugares de cada categor\u00eda se les dar\u00e1n premios en efectivo.<\/p>\n<p style=\"text-align: center;\"><iframe loading=\"lazy\" style=\"border: none; overflow: hidden;\" src=\"https:\/\/www.facebook.com\/plugins\/post.php?href=https%3A%2F%2Fwww.facebook.com%2Fpermalink.php%3Fstory_fbid%3D4882984841817628%26id%3D541551329294356&amp;show_text=true&amp;width=500\" width=\"500\" height=\"773\" frameborder=\"0\" scrolling=\"no\" allowfullscreen=\"allowfullscreen\"><\/iframe><\/p>\n","protected":false},"excerpt":{"rendered":"<p>Por parte de la Asociaci\u00f3n Corre T-21 buscan conmemorar el d\u00eda del cari\u00f1o, por ello han decidido hacer una carrera de 21 kil\u00f3metros, saliendo desde el municipio de Monjas y culminar en el parque Centenario, seg\u00fan lo dio a conocer Fernando Ju\u00e1rez corredor jalapaneco. MIRA: Procesiones de semana santa podr\u00edan quedar suspendidas Esta carrera la van a realizar el d\u00eda domingo 27 de febrero, en donde esperan que puedan participar unos 150 atletas de diferentes partes del pa\u00eds, esta carrera es por segundo a\u00f1o consecutivo que la realizan y van&hellip;<\/p>\n","protected":false},"author":2,"featured_media":3166,"comment_status":"open","ping_status":"open","sticky":false,"template":"","format":"standard","meta":{"footnotes":""},"categories":[3],"tags":[649,648],"class_list":["post-3165","post","type-post","status-publish","format-standard","has-post-thumbnail","hentry","category-locales","tag-27-de-febrero","tag-asociacion"],"gutentor_comment":0,"_links":{"self":[{"href":"https:\/\/www.notijalapa.net\/noticias\/wp-json\/wp\/v2\/posts\/3165","targetHints":{"allow":["GET"]}}],"collection":[{"href":"https:\/\/www.notijalapa.net\/noticias\/wp-json\/wp\/v2\/posts"}],"about":[{"href":"https:\/\/www.notijalapa.net\/noticias\/wp-json\/wp\/v2\/types\/post"}],"author":[{"embeddable":true,"href":"https:\/\/www.notijalapa.net\/noticias\/wp-json\/wp\/v2\/users\/2"}],"replies":[{"embeddable":true,"href":"https:\/\/www.notijalapa.net\/noticias\/wp-json\/wp\/v2\/comments?post=3165"}],"version-history":[{"count":2,"href":"https:\/\/www.notijalapa.net\/noticias\/wp-json\/wp\/v2\/posts\/3165\/revisions"}],"predecessor-version":[{"id":3187,"href":"https:\/\/www.notijalapa.net\/noticias\/wp-json\/wp\/v2\/posts\/3165\/revisions\/3187"}],"wp:featuredmedia":[{"embeddable":true,"href":"https:\/\/www.notijalapa.net\/noticias\/wp-json\/wp\/v2\/media\/3166"}],"wp:attachment":[{"href":"https:\/\/www.notijalapa.net\/noticias\/wp-json\/wp\/v2\/media?parent=3165"}],"wp:term":[{"taxonomy":"category","embeddable":true,"href":"https:\/\/www.notijalapa.net\/noticias\/wp-json\/wp\/v2\/categories?post=3165"},{"taxonomy":"post_tag","embeddable":true,"href":"https:\/\/www.notijalapa.net\/noticias\/wp-json\/wp\/v2\/tags?post=3165"}],"curies":[{"name":"wp","href":"https:\/\/api.w.org\/{rel}","templated":true}]}}