{"id":31077,"date":"2026-05-23T13:03:08","date_gmt":"2026-05-23T13:03:08","guid":{"rendered":"https:\/\/www.notijalapa.net\/noticias\/?p=31077"},"modified":"2026-05-23T13:22:05","modified_gmt":"2026-05-23T13:22:05","slug":"se-aproxima-la-final-para-elegir-al-nino-procurador-de-derechos-humanos","status":"publish","type":"post","link":"https:\/\/www.notijalapa.net\/noticias\/2026\/05\/23\/se-aproxima-la-final-para-elegir-al-nino-procurador-de-derechos-humanos\/","title":{"rendered":"Se aproxima la final para elegir al ni\u00f1o procurador de derechos humanos"},"content":{"rendered":"<p>El d\u00eda 16 de junio se llevar\u00e1 a cabo la gran final del programa ni\u00f1o y ni\u00f1a Procurador por un d\u00eda, en este proceso el ministerio de educaci\u00f3n ha coordinado institucionalmente con la secretaria departamental, para seleccionar los municipios que se est\u00e1n trabajando de aproximadamente mes y medio dentro del sistema educativo y de las escuelas, seg\u00fan lo dio a conocer la Dra. Cecilia Isabel Aguirre Auxiliar del Procurador de los Derechos Humanos.<\/p>\n<p><a href=\"https:\/\/www.notijalapa.net\/noticias\/2026\/05\/23\/tome-sus-precauciones-porque-podrian-presentarse-tormentas-con-fuertes-vientos\/\">MIRA: Tome sus precauciones porque podr\u00edan presentarse tormentas con fuertes vientos<\/a><\/p>\n<p>Este programa es interno de los establecimientos p\u00fablicos de nivel primaria, en esta ocasi\u00f3n son los municipios de Mataquescuintla y San Carlos Alzatate quienes fueron seleccionados para enfrentarse en la gran final, la cual se realizar\u00e1 en el municipio de Jalapa en el mes de junio, para hacer la elecci\u00f3n de ni\u00f1o o ni\u00f1a procurador.<\/p>\n<p><iframe loading=\"lazy\" title=\"Se aproxima la final para elegir al ni\u00f1o procurador de derechos humanos\" width=\"640\" height=\"360\" src=\"https:\/\/www.youtube.com\/embed\/Nqdr5LL37j0?feature=oembed\" frameborder=\"0\" allow=\"accelerometer; autoplay; clipboard-write; encrypted-media; gyroscope; picture-in-picture; web-share\" referrerpolicy=\"strict-origin-when-cross-origin\" allowfullscreen><\/iframe><\/p>\n<p>En este evento se estar\u00e1 eligiendo a procurador adjunto uno, procurador adjunto dos y secretario general de la instituci\u00f3n del procurador de los derechos humanos.<\/p>\n<p style=\"text-align: center;\"><iframe loading=\"lazy\" style=\"border: none; overflow: hidden;\" src=\"https:\/\/www.facebook.com\/plugins\/post.php?href=https%3A%2F%2Fwww.facebook.com%2Fpermalink.php%3Fstory_fbid%3Dpfbid02PFm6TLZqpseJgfmeAFPYZUGvyrqgNnqJHs8umwoJkMxgAfGWHUAeh6PEykccupvDl%26id%3D100083158940816&amp;show_text=true&amp;width=500\" width=\"500\" height=\"525\" frameborder=\"0\" scrolling=\"no\" allowfullscreen=\"allowfullscreen\"><\/iframe><\/p>\n","protected":false},"excerpt":{"rendered":"<p>El d\u00eda 16 de junio se llevar\u00e1 a cabo la gran final del programa ni\u00f1o y ni\u00f1a Procurador por un d\u00eda, en este proceso el ministerio de educaci\u00f3n ha coordinado institucionalmente con la secretaria departamental, para seleccionar los municipios que se est\u00e1n trabajando de aproximadamente mes y medio dentro del sistema educativo y de las escuelas, seg\u00fan lo dio a conocer la Dra. Cecilia Isabel Aguirre Auxiliar del Procurador de los Derechos Humanos. MIRA: Tome sus precauciones porque podr\u00edan presentarse tormentas con fuertes vientos Este programa es interno de los&hellip;<\/p>\n","protected":false},"author":2,"featured_media":31073,"comment_status":"open","ping_status":"open","sticky":false,"template":"","format":"standard","meta":{"footnotes":""},"categories":[3],"tags":[11884,11883],"class_list":["post-31077","post","type-post","status-publish","format-standard","has-post-thumbnail","hentry","category-locales","tag-procurador-de-derechos-humanos","tag-se-aproxima-la-final-para-elegir-al-nino"],"gutentor_comment":0,"_links":{"self":[{"href":"https:\/\/www.notijalapa.net\/noticias\/wp-json\/wp\/v2\/posts\/31077","targetHints":{"allow":["GET"]}}],"collection":[{"href":"https:\/\/www.notijalapa.net\/noticias\/wp-json\/wp\/v2\/posts"}],"about":[{"href":"https:\/\/www.notijalapa.net\/noticias\/wp-json\/wp\/v2\/types\/post"}],"author":[{"embeddable":true,"href":"https:\/\/www.notijalapa.net\/noticias\/wp-json\/wp\/v2\/users\/2"}],"replies":[{"embeddable":true,"href":"https:\/\/www.notijalapa.net\/noticias\/wp-json\/wp\/v2\/comments?post=31077"}],"version-history":[{"count":2,"href":"https:\/\/www.notijalapa.net\/noticias\/wp-json\/wp\/v2\/posts\/31077\/revisions"}],"predecessor-version":[{"id":31089,"href":"https:\/\/www.notijalapa.net\/noticias\/wp-json\/wp\/v2\/posts\/31077\/revisions\/31089"}],"wp:featuredmedia":[{"embeddable":true,"href":"https:\/\/www.notijalapa.net\/noticias\/wp-json\/wp\/v2\/media\/31073"}],"wp:attachment":[{"href":"https:\/\/www.notijalapa.net\/noticias\/wp-json\/wp\/v2\/media?parent=31077"}],"wp:term":[{"taxonomy":"category","embeddable":true,"href":"https:\/\/www.notijalapa.net\/noticias\/wp-json\/wp\/v2\/categories?post=31077"},{"taxonomy":"post_tag","embeddable":true,"href":"https:\/\/www.notijalapa.net\/noticias\/wp-json\/wp\/v2\/tags?post=31077"}],"curies":[{"name":"wp","href":"https:\/\/api.w.org\/{rel}","templated":true}]}}