{"id":31075,"date":"2026-05-23T13:02:43","date_gmt":"2026-05-23T13:02:43","guid":{"rendered":"https:\/\/www.notijalapa.net\/noticias\/?p=31075"},"modified":"2026-05-23T13:24:05","modified_gmt":"2026-05-23T13:24:05","slug":"la-asociacion-continua-apoyando-en-demandas-de-pensiones-alimenticias","status":"publish","type":"post","link":"https:\/\/www.notijalapa.net\/noticias\/2026\/05\/23\/la-asociacion-continua-apoyando-en-demandas-de-pensiones-alimenticias\/","title":{"rendered":"La asociaci\u00f3n contin\u00faa apoyando en demandas de pensiones alimenticias"},"content":{"rendered":"<p>Contin\u00faan atendiendo y brindando apoyo a las personas que requieren asistencia para el tr\u00e1mite de juicios orales de aplicaci\u00f3n de pensi\u00f3n alimenticia, as\u00ed como para el cobro de pensiones alimenticias a trav\u00e9s de juicios ejecutivos, seg\u00fan lo dio a conocer la Licda. Telma Mart\u00ednez de la Asociaci\u00f3n AJABIFA.<\/p>\n<p><a href=\"https:\/\/www.notijalapa.net\/noticias\/2026\/05\/23\/cuanto-se-debe-pagar-por-pension-alimenticia-o-como-fijan-la-cantidad-a-pagar\/\">MIRA: \u00bfCu\u00e1nto se debe pagar por pensi\u00f3n alimenticia o como fijan la cantidad a pagar?<\/a><\/p>\n<p>Actualmente cuentan con un caso de un ciudadano que se present\u00f3 ante el Juzgado de Paz y se comprometi\u00f3 a realizar los pagos en la siguiente audiencia; sin embargo, no cumpli\u00f3 con lo acordado adicionalmente cuenta con otros procesos por pensiones alimenticias correspondientes a periodos posteriores, por lo que se ha iniciado nuevamente el tr\u00e1mite para exigir el cumplimiento, dado que no se present\u00f3 a la audiencia correspondiente ya cuenta con una orden de aprensi\u00f3n.<\/p>\n<p><iframe loading=\"lazy\" title=\"La asociaci\u00f3n contin\u00faa apoyando en demandas de pensiones alimenticias\" width=\"640\" height=\"360\" src=\"https:\/\/www.youtube.com\/embed\/tbU-E2fw6P0?feature=oembed\" frameborder=\"0\" allow=\"accelerometer; autoplay; clipboard-write; encrypted-media; gyroscope; picture-in-picture; web-share\" referrerpolicy=\"strict-origin-when-cross-origin\" allowfullscreen><\/iframe><\/p>\n<p>Lo que se busca con la realizaci\u00f3n de estos juicios ejecutivos es, que cada vez que ellos deban cierta cantidad en los juicios de pensi\u00f3n alimenticia, que luego viene un delito de negaci\u00f3n de asistencia econ\u00f3mica, tiene una pena de seis meses a dos a\u00f1os y es susceptible a cualquier beneficio de judicializaci\u00f3n del sistema penal, cuando ya hay reincidencia ya no tiene derecho a estos beneficios y es all\u00ed donde ellos logran conformar\u00a0 todas las pensiones alimenticias y que ellos paguen\u00a0 lamentablemente siempre hay irresponsabilidad<\/p>\n<p>Si el juez deja una cauci\u00f3n econ\u00f3mica es de la misma cantidad de la pensi\u00f3n alimenticia, entonces es ir\u00f3nico que paguen una cauci\u00f3n econ\u00f3mica y no paguen una pensi\u00f3n alimenticia, tienen varias personas que es el segundo o tercer proceso que llevan y no entienden que eso les afecta a sus hijos.<\/p>\n<p style=\"text-align: center;\"><iframe loading=\"lazy\" style=\"border: none; overflow: hidden;\" src=\"https:\/\/www.facebook.com\/plugins\/post.php?href=https%3A%2F%2Fwww.facebook.com%2Fpermalink.php%3Fstory_fbid%3Dpfbid0qsZDFUQ8gynKiKaS7fTNBzixo3huYR6asZdVerfMiNqKzWeDehCa36Gt1VuuK7bKl%26id%3D100083158940816&amp;show_text=true&amp;width=500\" width=\"500\" height=\"793\" frameborder=\"0\" scrolling=\"no\" allowfullscreen=\"allowfullscreen\"><\/iframe><\/p>\n","protected":false},"excerpt":{"rendered":"<p>Contin\u00faan atendiendo y brindando apoyo a las personas que requieren asistencia para el tr\u00e1mite de juicios orales de aplicaci\u00f3n de pensi\u00f3n alimenticia, as\u00ed como para el cobro de pensiones alimenticias a trav\u00e9s de juicios ejecutivos, seg\u00fan lo dio a conocer la Licda. Telma Mart\u00ednez de la Asociaci\u00f3n AJABIFA. MIRA: \u00bfCu\u00e1nto se debe pagar por pensi\u00f3n alimenticia o como fijan la cantidad a pagar? Actualmente cuentan con un caso de un ciudadano que se present\u00f3 ante el Juzgado de Paz y se comprometi\u00f3 a realizar los pagos en la siguiente audiencia;&hellip;<\/p>\n","protected":false},"author":2,"featured_media":31072,"comment_status":"open","ping_status":"open","sticky":false,"template":"","format":"standard","meta":{"footnotes":""},"categories":[3],"tags":[11882,11881],"class_list":["post-31075","post","type-post","status-publish","format-standard","has-post-thumbnail","hentry","category-locales","tag-demandas-de-pensiones-alimenticias","tag-la-asociacion-continua-apoyando-en"],"gutentor_comment":0,"_links":{"self":[{"href":"https:\/\/www.notijalapa.net\/noticias\/wp-json\/wp\/v2\/posts\/31075","targetHints":{"allow":["GET"]}}],"collection":[{"href":"https:\/\/www.notijalapa.net\/noticias\/wp-json\/wp\/v2\/posts"}],"about":[{"href":"https:\/\/www.notijalapa.net\/noticias\/wp-json\/wp\/v2\/types\/post"}],"author":[{"embeddable":true,"href":"https:\/\/www.notijalapa.net\/noticias\/wp-json\/wp\/v2\/users\/2"}],"replies":[{"embeddable":true,"href":"https:\/\/www.notijalapa.net\/noticias\/wp-json\/wp\/v2\/comments?post=31075"}],"version-history":[{"count":2,"href":"https:\/\/www.notijalapa.net\/noticias\/wp-json\/wp\/v2\/posts\/31075\/revisions"}],"predecessor-version":[{"id":31090,"href":"https:\/\/www.notijalapa.net\/noticias\/wp-json\/wp\/v2\/posts\/31075\/revisions\/31090"}],"wp:featuredmedia":[{"embeddable":true,"href":"https:\/\/www.notijalapa.net\/noticias\/wp-json\/wp\/v2\/media\/31072"}],"wp:attachment":[{"href":"https:\/\/www.notijalapa.net\/noticias\/wp-json\/wp\/v2\/media?parent=31075"}],"wp:term":[{"taxonomy":"category","embeddable":true,"href":"https:\/\/www.notijalapa.net\/noticias\/wp-json\/wp\/v2\/categories?post=31075"},{"taxonomy":"post_tag","embeddable":true,"href":"https:\/\/www.notijalapa.net\/noticias\/wp-json\/wp\/v2\/tags?post=31075"}],"curies":[{"name":"wp","href":"https:\/\/api.w.org\/{rel}","templated":true}]}}