{"id":30716,"date":"2026-05-01T11:59:22","date_gmt":"2026-05-01T11:59:22","guid":{"rendered":"https:\/\/www.notijalapa.net\/noticias\/?p=30716"},"modified":"2026-05-01T12:15:19","modified_gmt":"2026-05-01T12:15:19","slug":"jalapa-en-los-primeros-lugares-en-reportar-mas-incendios-forestales","status":"publish","type":"post","link":"https:\/\/www.notijalapa.net\/noticias\/2026\/05\/01\/jalapa-en-los-primeros-lugares-en-reportar-mas-incendios-forestales\/","title":{"rendered":"Jalapa en los primeros lugares en reportar m\u00e1s incendios forestales"},"content":{"rendered":"<p>A\u00fan falta la actualizaci\u00f3n de los siniestros que se han reportado en los \u00faltimos d\u00edas, sin embargo; se han reportado unas dos mil hect\u00e1reas afectadas en todo el departamento de Jalapa, seg\u00fan lo manifest\u00f3 el Ing. Cristian Estrada delegado de la CONRED.<\/p>\n<p><a href=\"https:\/\/www.notijalapa.net\/noticias\/2026\/05\/01\/realizan-la-carrera-leyenda-5k-en-el-departamento-de-jalapa\/\">MIRA: Realizan la carrera Leyenda 5K en el departamento de Jalapa<\/a><\/p>\n<p>Lamentablemente no son buenas estad\u00edsticas, pero nuestro departamento est\u00e1 en los primeros lugares en incendios forestales a nivel nacional. Ellos a trav\u00e9s de las coordinadoras municipales se han realizado campa\u00f1as de sensibilizaci\u00f3n a trav\u00e9s de las redes sociales, esta es una de las primeras acciones que han tomado para prevenir los incendios.<\/p>\n<p><iframe loading=\"lazy\" title=\"Jalapa en los primeros lugares en reportar m\u00e1s incendios forestales\" width=\"640\" height=\"360\" src=\"https:\/\/www.youtube.com\/embed\/HJ-noaRuufo?feature=oembed\" frameborder=\"0\" allow=\"accelerometer; autoplay; clipboard-write; encrypted-media; gyroscope; picture-in-picture; web-share\" referrerpolicy=\"strict-origin-when-cross-origin\" allowfullscreen><\/iframe><\/p>\n<p>Se han estado teniendo grupos de COCODES en donde informan que, si ellos ven un incendio deben organizarse como comunidad para empezar a atenderlo en lo que llegan lo que llega la respuesta de las brigadas, tanto municipales como de la SE-CONRED, esto como forma de prevenci\u00f3n y mitigaci\u00f3n que se ha estado llevando a cabo, m\u00e1s en esta temporada que se prev\u00e9 que por las condiciones clim\u00e1ticas aumente los siniestros.<\/p>\n<p style=\"text-align: center;\"><iframe loading=\"lazy\" style=\"border: none; overflow: hidden;\" src=\"https:\/\/www.facebook.com\/plugins\/post.php?href=https%3A%2F%2Fwww.facebook.com%2Fpermalink.php%3Fstory_fbid%3Dpfbid02UbgoEN6YzM5iWtojYDbApdRXeQz7PokqtiBz6NTqQB16TousdpcPYhqxTuhmJMhsl%26id%3D100083158940816&amp;show_text=true&amp;width=500\" width=\"500\" height=\"774\" frameborder=\"0\" scrolling=\"no\" allowfullscreen=\"allowfullscreen\"><\/iframe><\/p>\n","protected":false},"excerpt":{"rendered":"<p>A\u00fan falta la actualizaci\u00f3n de los siniestros que se han reportado en los \u00faltimos d\u00edas, sin embargo; se han reportado unas dos mil hect\u00e1reas afectadas en todo el departamento de Jalapa, seg\u00fan lo manifest\u00f3 el Ing. Cristian Estrada delegado de la CONRED. MIRA: Realizan la carrera Leyenda 5K en el departamento de Jalapa Lamentablemente no son buenas estad\u00edsticas, pero nuestro departamento est\u00e1 en los primeros lugares en incendios forestales a nivel nacional. Ellos a trav\u00e9s de las coordinadoras municipales se han realizado campa\u00f1as de sensibilizaci\u00f3n a trav\u00e9s de las redes&hellip;<\/p>\n","protected":false},"author":2,"featured_media":30707,"comment_status":"open","ping_status":"open","sticky":false,"template":"","format":"standard","meta":{"footnotes":""},"categories":[3],"tags":[11705,11706],"class_list":["post-30716","post","type-post","status-publish","format-standard","has-post-thumbnail","hentry","category-locales","tag-jalapa-en-los-primeros-lugares-en","tag-reportar-mas-incendios-forestales"],"gutentor_comment":0,"_links":{"self":[{"href":"https:\/\/www.notijalapa.net\/noticias\/wp-json\/wp\/v2\/posts\/30716","targetHints":{"allow":["GET"]}}],"collection":[{"href":"https:\/\/www.notijalapa.net\/noticias\/wp-json\/wp\/v2\/posts"}],"about":[{"href":"https:\/\/www.notijalapa.net\/noticias\/wp-json\/wp\/v2\/types\/post"}],"author":[{"embeddable":true,"href":"https:\/\/www.notijalapa.net\/noticias\/wp-json\/wp\/v2\/users\/2"}],"replies":[{"embeddable":true,"href":"https:\/\/www.notijalapa.net\/noticias\/wp-json\/wp\/v2\/comments?post=30716"}],"version-history":[{"count":2,"href":"https:\/\/www.notijalapa.net\/noticias\/wp-json\/wp\/v2\/posts\/30716\/revisions"}],"predecessor-version":[{"id":30725,"href":"https:\/\/www.notijalapa.net\/noticias\/wp-json\/wp\/v2\/posts\/30716\/revisions\/30725"}],"wp:featuredmedia":[{"embeddable":true,"href":"https:\/\/www.notijalapa.net\/noticias\/wp-json\/wp\/v2\/media\/30707"}],"wp:attachment":[{"href":"https:\/\/www.notijalapa.net\/noticias\/wp-json\/wp\/v2\/media?parent=30716"}],"wp:term":[{"taxonomy":"category","embeddable":true,"href":"https:\/\/www.notijalapa.net\/noticias\/wp-json\/wp\/v2\/categories?post=30716"},{"taxonomy":"post_tag","embeddable":true,"href":"https:\/\/www.notijalapa.net\/noticias\/wp-json\/wp\/v2\/tags?post=30716"}],"curies":[{"name":"wp","href":"https:\/\/api.w.org\/{rel}","templated":true}]}}