{"id":30705,"date":"2026-05-01T11:57:42","date_gmt":"2026-05-01T11:57:42","guid":{"rendered":"https:\/\/www.notijalapa.net\/noticias\/?p=30705"},"modified":"2026-05-01T12:18:08","modified_gmt":"2026-05-01T12:18:08","slug":"delegados-de-segeplan-se-reunen-para-conocer-la-ley-de-consejos-de-desarrollo","status":"publish","type":"post","link":"https:\/\/www.notijalapa.net\/noticias\/2026\/05\/01\/delegados-de-segeplan-se-reunen-para-conocer-la-ley-de-consejos-de-desarrollo\/","title":{"rendered":"Delegados de SEGEPLAN se re\u00fanen para conocer la ley de Consejos de Desarrollo"},"content":{"rendered":"<p>El pasado mi\u00e9rcoles estuvieron reunidos los 23 delegados departamentales y 4 sub departamentales de SEGEPLAN, as\u00ed mismo, estuvieron presentes las 22 secretarias departamentales, en donde trabajaron temas espec\u00edficos y abordando temas jur\u00eddicos, han encontrado problemas muy grandes en la participaci\u00f3n, c\u00f3mo abordar la ley de una manera eficiente, entre otros, seg\u00fan lo dio a conocer el Lic. Jairo Rodr\u00edguez delegado de SEGEPLAN en Jalapa.<\/p>\n<p><a href=\"https:\/\/www.notijalapa.net\/noticias\/2026\/05\/01\/jalapaneco-busca-poder-tomar-posesion-de-su-terreno\/\">MIRA: Jalapaneco busca poder tomar posesi\u00f3n de su terreno<\/a><\/p>\n<p>Aparecen muchas personas en donde dicen que son representantes de diferentes instituciones, pero sin acreditaci\u00f3n en un CODEDE no se puede aceptar, mucho menos que voten y que participen. Esto pasa mucho con la sociedad civil, cuando ve que en las redes sociales hablan de ellos se preguntan \u00bfqui\u00e9n los eligi\u00f3? Si se eligen cada dos a\u00f1os y en el mes de noviembre se volver\u00e1n a elegir a los nuevos representantes y todo ciudadano que quiera participar lo puede hacer.<\/p>\n<p><iframe loading=\"lazy\" title=\"Delegados de SEGEPLAN se re\u00fanen para conocer la ley de Consejos de Desarrollo\" width=\"640\" height=\"360\" src=\"https:\/\/www.youtube.com\/embed\/eaeHrrb2eX4?feature=oembed\" frameborder=\"0\" allow=\"accelerometer; autoplay; clipboard-write; encrypted-media; gyroscope; picture-in-picture; web-share\" referrerpolicy=\"strict-origin-when-cross-origin\" allowfullscreen><\/iframe><\/p>\n<p>Cuando hay personas que hacen sus comentarios primero deben leer la ley y cuando haya convocatorias que participen en el mes de noviembre, ellos como SEGEPLAN no tienen nada que ver en esa elecci\u00f3n, pero las ONGS, grupos, sindicatos, pueblos, entre otros, deben reunirse para elegir al representante que participar\u00e1 en sociedad civil, pero si se hace una elecci\u00f3n y no ponen a los que les convienen.<\/p>\n<p>Este mi\u00e9rcoles estuvieron haciendo un an\u00e1lisis de estos temas, tratando de ser conocedores amplios de la ley, hablaron de los requisitos de los proyectos, entre otros. Tienen problemas especialmente con los comisarios, en Jalapa los est\u00e1n rotando cada tres o seis meses y a \u00e9l le llegan documentos nombrando al titular y suplente, y muchas veces no ha llegado a la representatividad y ya lo trasladaron a otro lugar. \u00c9l va a levantar un acta en donde va a nombrar a alguien que no est\u00e1 representando, entonces se la impugnar\u00e1n y genera problemas a todos en general.<\/p>\n<p style=\"text-align: center;\"><iframe loading=\"lazy\" style=\"border: none; overflow: hidden;\" src=\"https:\/\/www.facebook.com\/plugins\/post.php?href=https%3A%2F%2Fwww.facebook.com%2Fpermalink.php%3Fstory_fbid%3Dpfbid05aGTCbjgABxZy3oHK197BHqfnLBAnb2tsckT9h5EbzwPKnjp3WiBLxVHzXvwN1Ycl%26id%3D100083158940816&amp;show_text=true&amp;width=500\" width=\"500\" height=\"794\" frameborder=\"0\" scrolling=\"no\" allowfullscreen=\"allowfullscreen\"><\/iframe><\/p>\n","protected":false},"excerpt":{"rendered":"<p>El pasado mi\u00e9rcoles estuvieron reunidos los 23 delegados departamentales y 4 sub departamentales de SEGEPLAN, as\u00ed mismo, estuvieron presentes las 22 secretarias departamentales, en donde trabajaron temas espec\u00edficos y abordando temas jur\u00eddicos, han encontrado problemas muy grandes en la participaci\u00f3n, c\u00f3mo abordar la ley de una manera eficiente, entre otros, seg\u00fan lo dio a conocer el Lic. Jairo Rodr\u00edguez delegado de SEGEPLAN en Jalapa. MIRA: Jalapaneco busca poder tomar posesi\u00f3n de su terreno Aparecen muchas personas en donde dicen que son representantes de diferentes instituciones, pero sin acreditaci\u00f3n en un&hellip;<\/p>\n","protected":false},"author":2,"featured_media":30706,"comment_status":"open","ping_status":"open","sticky":false,"template":"","format":"standard","meta":{"footnotes":""},"categories":[3],"tags":[11700,11701],"class_list":["post-30705","post","type-post","status-publish","format-standard","has-post-thumbnail","hentry","category-locales","tag-delegados-de-segeplan-se-reunen-para-conocer","tag-la-ley-de-consejos-de-desarrollo"],"gutentor_comment":0,"_links":{"self":[{"href":"https:\/\/www.notijalapa.net\/noticias\/wp-json\/wp\/v2\/posts\/30705","targetHints":{"allow":["GET"]}}],"collection":[{"href":"https:\/\/www.notijalapa.net\/noticias\/wp-json\/wp\/v2\/posts"}],"about":[{"href":"https:\/\/www.notijalapa.net\/noticias\/wp-json\/wp\/v2\/types\/post"}],"author":[{"embeddable":true,"href":"https:\/\/www.notijalapa.net\/noticias\/wp-json\/wp\/v2\/users\/2"}],"replies":[{"embeddable":true,"href":"https:\/\/www.notijalapa.net\/noticias\/wp-json\/wp\/v2\/comments?post=30705"}],"version-history":[{"count":2,"href":"https:\/\/www.notijalapa.net\/noticias\/wp-json\/wp\/v2\/posts\/30705\/revisions"}],"predecessor-version":[{"id":30728,"href":"https:\/\/www.notijalapa.net\/noticias\/wp-json\/wp\/v2\/posts\/30705\/revisions\/30728"}],"wp:featuredmedia":[{"embeddable":true,"href":"https:\/\/www.notijalapa.net\/noticias\/wp-json\/wp\/v2\/media\/30706"}],"wp:attachment":[{"href":"https:\/\/www.notijalapa.net\/noticias\/wp-json\/wp\/v2\/media?parent=30705"}],"wp:term":[{"taxonomy":"category","embeddable":true,"href":"https:\/\/www.notijalapa.net\/noticias\/wp-json\/wp\/v2\/categories?post=30705"},{"taxonomy":"post_tag","embeddable":true,"href":"https:\/\/www.notijalapa.net\/noticias\/wp-json\/wp\/v2\/tags?post=30705"}],"curies":[{"name":"wp","href":"https:\/\/api.w.org\/{rel}","templated":true}]}}