{"id":30696,"date":"2026-04-30T10:57:50","date_gmt":"2026-04-30T10:57:50","guid":{"rendered":"https:\/\/www.notijalapa.net\/noticias\/?p=30696"},"modified":"2026-04-30T11:07:49","modified_gmt":"2026-04-30T11:07:49","slug":"vecinos-en-alerta-por-inundaciones-y-riegos-porque-se-avecina-la-temporada-de-invierno","status":"publish","type":"post","link":"https:\/\/www.notijalapa.net\/noticias\/2026\/04\/30\/vecinos-en-alerta-por-inundaciones-y-riegos-porque-se-avecina-la-temporada-de-invierno\/","title":{"rendered":"Vecinos en alerta por inundaciones y riegos porque se avecina la temporada de invierno"},"content":{"rendered":"<p>Seg\u00fan los vecinos del kil\u00f3metro 93.7 ruta que de Jalapa conduce a Sansare, El Progreso, justamente en el puente antes de llegar a metroplaza, tienen problemas y riesgos de inundaci\u00f3n en las viviendas aleda\u00f1as, aproximadamente son 5 casas y todo el sector de r\u00edo de quebrada honda, seg\u00fan lo dio a conocer la Licda. Cecilia Isabel Aguirre Auxiliar del Procurador de los Derechos Humanos.<\/p>\n<p><a href=\"https:\/\/www.notijalapa.net\/noticias\/2026\/04\/30\/lo-capturaron-por-disparar-sin-causa-justificada\/\">MIRA: Lo capturaron por disparar sin causa justificada<\/a><\/p>\n<p>Seg\u00fan argumentan los vecinos hace aproximadamente 7 meses empezaron con esta dificultad por la acumulaci\u00f3n de tierra y piedra que est\u00e1 en cercan\u00edas de las viviendas y con las \u00faltimas lluvias ha ocasionado que las casas se inunden, poniendo en riesgo la vida de los ni\u00f1os, ni\u00f1as, mujeres y personas mayores.<\/p>\n<p><iframe loading=\"lazy\" title=\"Vecinos en alerta por inundaciones y riegos porque se avecina la temporada de invierno\" width=\"640\" height=\"360\" src=\"https:\/\/www.youtube.com\/embed\/h2TRcE6R-fQ?feature=oembed\" frameborder=\"0\" allow=\"accelerometer; autoplay; clipboard-write; encrypted-media; gyroscope; picture-in-picture; web-share\" referrerpolicy=\"strict-origin-when-cross-origin\" allowfullscreen><\/iframe><\/p>\n<p>Invitaron a personal de la Municipalidad de Jalapa, Gobernaci\u00f3n Departamental, Ministerio de Ambiente y Recursos Naturales, CONRED, vecinos del lugar, representante de Metroplaza y de la residencial que est\u00e1 vecina a este lugar, ya que seg\u00fan los habitantes desde que han iniciado estas construcciones han tenido estos problemas.<\/p>\n<p>Han logrado tres acuerdos importantes, el primero es el apoyo que dar\u00e1 la Municipalidad de Jalapa de hacer un dragado que iniciar\u00e1 el pr\u00f3ximo lunes 4 de mayo de manera inmediata para que cuando el invierno ingrese las viviendas no sean perjudicadas, as\u00ed mismo, ese mismo d\u00eda realizar\u00e1 un recorrido en las orillas del r\u00edo para ver los riesgos de mitigaci\u00f3n que seg\u00fan la licencia ambiental que tiene la residencial y el centro comercial deben aplicar el aras de prevenir posibles vulneraciones a los derechos humanos y riesgos por el crecimiento de r\u00edos, entre otros. El d\u00eda 12 de mayo las instituciones presentar\u00e1n los resultados de esta investigaci\u00f3n que realizar\u00e1 seg\u00fan la responsabilidad de cada uno para seguir teniendo una convivencia pac\u00edfica en este sector.<\/p>\n<p style=\"text-align: center;\"><iframe loading=\"lazy\" style=\"border: none; overflow: hidden;\" src=\"https:\/\/www.facebook.com\/plugins\/post.php?href=https%3A%2F%2Fwww.facebook.com%2Fpermalink.php%3Fstory_fbid%3Dpfbid0C9X3heEhR6d54U5jTxSwLp1Gp9Mw933WXoqZoevseXAJfxhm5ACcmAfJAfJsGVjAl%26id%3D100083158940816&amp;show_text=true&amp;width=500\" width=\"500\" height=\"813\" frameborder=\"0\" scrolling=\"no\" allowfullscreen=\"allowfullscreen\"><\/iframe><\/p>\n","protected":false},"excerpt":{"rendered":"<p>Seg\u00fan los vecinos del kil\u00f3metro 93.7 ruta que de Jalapa conduce a Sansare, El Progreso, justamente en el puente antes de llegar a metroplaza, tienen problemas y riesgos de inundaci\u00f3n en las viviendas aleda\u00f1as, aproximadamente son 5 casas y todo el sector de r\u00edo de quebrada honda, seg\u00fan lo dio a conocer la Licda. Cecilia Isabel Aguirre Auxiliar del Procurador de los Derechos Humanos. MIRA: Lo capturaron por disparar sin causa justificada Seg\u00fan argumentan los vecinos hace aproximadamente 7 meses empezaron con esta dificultad por la acumulaci\u00f3n de tierra y&hellip;<\/p>\n","protected":false},"author":2,"featured_media":30686,"comment_status":"open","ping_status":"open","sticky":false,"template":"","format":"standard","meta":{"footnotes":""},"categories":[3],"tags":[11699,11698],"class_list":["post-30696","post","type-post","status-publish","format-standard","has-post-thumbnail","hentry","category-locales","tag-porque-se-avecina-la-temporada-de-invierno","tag-vecinos-en-alerta-por-inundaciones-y-riegos"],"gutentor_comment":0,"_links":{"self":[{"href":"https:\/\/www.notijalapa.net\/noticias\/wp-json\/wp\/v2\/posts\/30696","targetHints":{"allow":["GET"]}}],"collection":[{"href":"https:\/\/www.notijalapa.net\/noticias\/wp-json\/wp\/v2\/posts"}],"about":[{"href":"https:\/\/www.notijalapa.net\/noticias\/wp-json\/wp\/v2\/types\/post"}],"author":[{"embeddable":true,"href":"https:\/\/www.notijalapa.net\/noticias\/wp-json\/wp\/v2\/users\/2"}],"replies":[{"embeddable":true,"href":"https:\/\/www.notijalapa.net\/noticias\/wp-json\/wp\/v2\/comments?post=30696"}],"version-history":[{"count":3,"href":"https:\/\/www.notijalapa.net\/noticias\/wp-json\/wp\/v2\/posts\/30696\/revisions"}],"predecessor-version":[{"id":30699,"href":"https:\/\/www.notijalapa.net\/noticias\/wp-json\/wp\/v2\/posts\/30696\/revisions\/30699"}],"wp:featuredmedia":[{"embeddable":true,"href":"https:\/\/www.notijalapa.net\/noticias\/wp-json\/wp\/v2\/media\/30686"}],"wp:attachment":[{"href":"https:\/\/www.notijalapa.net\/noticias\/wp-json\/wp\/v2\/media?parent=30696"}],"wp:term":[{"taxonomy":"category","embeddable":true,"href":"https:\/\/www.notijalapa.net\/noticias\/wp-json\/wp\/v2\/categories?post=30696"},{"taxonomy":"post_tag","embeddable":true,"href":"https:\/\/www.notijalapa.net\/noticias\/wp-json\/wp\/v2\/tags?post=30696"}],"curies":[{"name":"wp","href":"https:\/\/api.w.org\/{rel}","templated":true}]}}