{"id":30644,"date":"2026-04-28T10:57:10","date_gmt":"2026-04-28T10:57:10","guid":{"rendered":"https:\/\/www.notijalapa.net\/noticias\/?p=30644"},"modified":"2026-04-28T11:12:15","modified_gmt":"2026-04-28T11:12:15","slug":"el-venezolano-hoy-enfrentara-la-justicia-por-escapar-de-la-carcel","status":"publish","type":"post","link":"https:\/\/www.notijalapa.net\/noticias\/2026\/04\/28\/el-venezolano-hoy-enfrentara-la-justicia-por-escapar-de-la-carcel\/","title":{"rendered":"El venezolano hoy enfrentar\u00e1 la justicia por escapar de la c\u00e1rcel"},"content":{"rendered":"<p>La Polic\u00eda Nacional Civil comunic\u00f3 sobre una persona que se da a la fuga porque lo detienen fuera del centro carcelario, esa persona estaba fuera del lugar donde deber\u00eda estar recluido, ya realiz\u00f3 las conductas t\u00edpicas y se cumpli\u00f3 los elementos de tipo penal de evasi\u00f3n y el delito es evasi\u00f3n son m\u00ednimo 10 a\u00f1os de prisi\u00f3n, seg\u00fan lo dio a conocer el Lic. Mainor Garc\u00eda Fiscal Distrital del Ministerio P\u00fablico.<\/p>\n<p><a href=\"https:\/\/www.notijalapa.net\/noticias\/2026\/04\/28\/personajes-de-la-region-se-reunen-para-una-tertulia\/\">MIRA: Personajes de la regi\u00f3n se re\u00fanen para una tertulia<\/a><\/p>\n<p>Iniciaron con la investigaci\u00f3n esa misma noche, documentando el lugar donde estaba recluido, el lugar por donde se da a la fuga, tambi\u00e9n se dieron instrucciones para verificar las c\u00e1maras de vigilancia en el lugar, la persona tuvo que ser atendida en el hospital porque tuvo golpes en el cuerpo al tratar de escapar porque al caer se da\u00f1\u00f3 una de sus extremidades inferiores.<\/p>\n<p><iframe loading=\"lazy\" title=\"El venezolano hoy enfrentar\u00e1 la justicia por escapar de la c\u00e1rcel\" width=\"640\" height=\"360\" src=\"https:\/\/www.youtube.com\/embed\/KpDBN4_43Ac?feature=oembed\" frameborder=\"0\" allow=\"accelerometer; autoplay; clipboard-write; encrypted-media; gyroscope; picture-in-picture; web-share\" referrerpolicy=\"strict-origin-when-cross-origin\" allowfullscreen><\/iframe><\/p>\n<p>Lo interesante de este caso es, que la pena m\u00ednima del delito de evasi\u00f3n es de diez a\u00f1os, solo el hecho de fugarse de un centro carcelario esa es la pena m\u00ednima, m\u00e1ximo son veinte, es un proceso nuevo que va a tener que enfrentar, esta persona ya fue notificada de su aprensi\u00f3n, el juez deber\u00e1 darle una audiencia de primera declaraci\u00f3n y tendr\u00e1 que declarar ante el juez.<\/p>\n<p>Ellos como Ministerio P\u00fablico le imputar\u00e1n el delito que corresponde que es evasi\u00f3n, cuyo caso no le podr\u00e1n dar medida sustitutiva tomando en consideraci\u00f3n la actitud que tuvo, porque es eminente el peligro de fuga que representa esta persona en este proceso y en el proceso que lleva anteriormente.<\/p>\n<p>Esta persona es identificada como Deiner Fernando Vallenia Escalena; de 28 a\u00f1os, quien hab\u00edan sido detenido por el delito de portaci\u00f3n ilegal de arma hechiza o artesanal, ahora se le va a sumar el delito de evasi\u00f3n. No est\u00e1 procesado por el delito de hurto, pero hay investigaciones en curso que lo se\u00f1alan de ser responsable de estos hechos, pero al no ser detenido flagrantemente deber\u00e1n pedir la orden de aprensi\u00f3n tambi\u00e9n por estos hechos.<\/p>\n<p style=\"text-align: center;\"><iframe loading=\"lazy\" style=\"border: none; overflow: hidden;\" src=\"https:\/\/www.facebook.com\/plugins\/post.php?href=https%3A%2F%2Fwww.facebook.com%2Fpermalink.php%3Fstory_fbid%3Dpfbid02Twnm6LHTKswD7hWJSQfSravFuH3sc94VfBqhcrGM77UioaToEXRMnzJL9nmtgLVCl%26id%3D100083158940816&amp;show_text=true&amp;width=500\" width=\"500\" height=\"487\" frameborder=\"0\" scrolling=\"no\" allowfullscreen=\"allowfullscreen\"><\/iframe><\/p>\n","protected":false},"excerpt":{"rendered":"<p>La Polic\u00eda Nacional Civil comunic\u00f3 sobre una persona que se da a la fuga porque lo detienen fuera del centro carcelario, esa persona estaba fuera del lugar donde deber\u00eda estar recluido, ya realiz\u00f3 las conductas t\u00edpicas y se cumpli\u00f3 los elementos de tipo penal de evasi\u00f3n y el delito es evasi\u00f3n son m\u00ednimo 10 a\u00f1os de prisi\u00f3n, seg\u00fan lo dio a conocer el Lic. Mainor Garc\u00eda Fiscal Distrital del Ministerio P\u00fablico. MIRA: Personajes de la regi\u00f3n se re\u00fanen para una tertulia Iniciaron con la investigaci\u00f3n esa misma noche, documentando el&hellip;<\/p>\n","protected":false},"author":2,"featured_media":30634,"comment_status":"open","ping_status":"open","sticky":false,"template":"","format":"standard","meta":{"footnotes":""},"categories":[3],"tags":[11675,11676],"class_list":["post-30644","post","type-post","status-publish","format-standard","has-post-thumbnail","hentry","category-locales","tag-el-venezolano-hoy-enfrentara-la-justicia","tag-por-escapar-de-la-carcel"],"gutentor_comment":0,"_links":{"self":[{"href":"https:\/\/www.notijalapa.net\/noticias\/wp-json\/wp\/v2\/posts\/30644","targetHints":{"allow":["GET"]}}],"collection":[{"href":"https:\/\/www.notijalapa.net\/noticias\/wp-json\/wp\/v2\/posts"}],"about":[{"href":"https:\/\/www.notijalapa.net\/noticias\/wp-json\/wp\/v2\/types\/post"}],"author":[{"embeddable":true,"href":"https:\/\/www.notijalapa.net\/noticias\/wp-json\/wp\/v2\/users\/2"}],"replies":[{"embeddable":true,"href":"https:\/\/www.notijalapa.net\/noticias\/wp-json\/wp\/v2\/comments?post=30644"}],"version-history":[{"count":3,"href":"https:\/\/www.notijalapa.net\/noticias\/wp-json\/wp\/v2\/posts\/30644\/revisions"}],"predecessor-version":[{"id":30651,"href":"https:\/\/www.notijalapa.net\/noticias\/wp-json\/wp\/v2\/posts\/30644\/revisions\/30651"}],"wp:featuredmedia":[{"embeddable":true,"href":"https:\/\/www.notijalapa.net\/noticias\/wp-json\/wp\/v2\/media\/30634"}],"wp:attachment":[{"href":"https:\/\/www.notijalapa.net\/noticias\/wp-json\/wp\/v2\/media?parent=30644"}],"wp:term":[{"taxonomy":"category","embeddable":true,"href":"https:\/\/www.notijalapa.net\/noticias\/wp-json\/wp\/v2\/categories?post=30644"},{"taxonomy":"post_tag","embeddable":true,"href":"https:\/\/www.notijalapa.net\/noticias\/wp-json\/wp\/v2\/tags?post=30644"}],"curies":[{"name":"wp","href":"https:\/\/api.w.org\/{rel}","templated":true}]}}