{"id":30642,"date":"2026-04-28T10:56:39","date_gmt":"2026-04-28T10:56:39","guid":{"rendered":"https:\/\/www.notijalapa.net\/noticias\/?p=30642"},"modified":"2026-04-28T11:13:15","modified_gmt":"2026-04-28T11:13:15","slug":"lo-llevaron-a-prision-por-agredir-a-su-conviviente","status":"publish","type":"post","link":"https:\/\/www.notijalapa.net\/noticias\/2026\/04\/28\/lo-llevaron-a-prision-por-agredir-a-su-conviviente\/","title":{"rendered":"Lo llevaron a prisi\u00f3n por agredir a su conviviente"},"content":{"rendered":"<p>El se\u00f1or Jos\u00e9 M\u00e9ndez; de 23 a\u00f1os, fue capturado por agentes de la Polic\u00eda Nacional Civil el barrio La Joyita del municipio de Monjas, Jalapa, esto gracias a las denuncias de las personas.<\/p>\n<p><a href=\"https:\/\/www.notijalapa.net\/noticias\/2026\/04\/28\/el-fin-de-semana-once-personas-terminaron-en-prision\/\">MIRA: El fin de semana once personas terminaron en prisi\u00f3n<\/a><\/p>\n<p>Seg\u00fan Eswin G\u00f3mez de la oficina de comunicaci\u00f3n social de PNC; esta persona es presunto responsable de agredir a su conviviente de 24 a\u00f1os, a quien le ocasion\u00f3 varios golpes en distintas partes del cuerpo, la victima fue trasladada a un centro asistencial.<\/p>\n<p><iframe loading=\"lazy\" title=\"Lo llevaron a prisi\u00f3n por agredir a su conviviente\" width=\"640\" height=\"360\" src=\"https:\/\/www.youtube.com\/embed\/H96o5r4skuU?feature=oembed\" frameborder=\"0\" allow=\"accelerometer; autoplay; clipboard-write; encrypted-media; gyroscope; picture-in-picture; web-share\" referrerpolicy=\"strict-origin-when-cross-origin\" allowfullscreen><\/iframe><\/p>\n<p>El hoy detenido fue neutralizado y posiblemente se encontraba bajo efectos de licor, por tal motivo fue puesto a disposici\u00f3n de los tribunales que corresponde para que pueda solventar su situaci\u00f3n jur\u00eddica.<\/p>\n<p style=\"text-align: center;\"><iframe loading=\"lazy\" style=\"border: none; overflow: hidden;\" src=\"https:\/\/www.facebook.com\/plugins\/post.php?href=https%3A%2F%2Fwww.facebook.com%2Fpermalink.php%3Fstory_fbid%3Dpfbid02e7JhULLtfeZsvnMk7smrLM3xiBxn6sMKBERJSqRYZQmMFxpzTAE3Hnri1766cXjSl%26id%3D100083158940816&amp;show_text=true&amp;width=500\" width=\"500\" height=\"506\" frameborder=\"0\" scrolling=\"no\" allowfullscreen=\"allowfullscreen\"><\/iframe><\/p>\n","protected":false},"excerpt":{"rendered":"<p>El se\u00f1or Jos\u00e9 M\u00e9ndez; de 23 a\u00f1os, fue capturado por agentes de la Polic\u00eda Nacional Civil el barrio La Joyita del municipio de Monjas, Jalapa, esto gracias a las denuncias de las personas. MIRA: El fin de semana once personas terminaron en prisi\u00f3n Seg\u00fan Eswin G\u00f3mez de la oficina de comunicaci\u00f3n social de PNC; esta persona es presunto responsable de agredir a su conviviente de 24 a\u00f1os, a quien le ocasion\u00f3 varios golpes en distintas partes del cuerpo, la victima fue trasladada a un centro asistencial. El hoy detenido fue&hellip;<\/p>\n","protected":false},"author":2,"featured_media":30633,"comment_status":"open","ping_status":"open","sticky":false,"template":"","format":"standard","meta":{"footnotes":""},"categories":[3],"tags":[6255,11674],"class_list":["post-30642","post","type-post","status-publish","format-standard","has-post-thumbnail","hentry","category-locales","tag-a-su-conviviente","tag-lo-llevaron-a-prision-por-agredir"],"gutentor_comment":0,"_links":{"self":[{"href":"https:\/\/www.notijalapa.net\/noticias\/wp-json\/wp\/v2\/posts\/30642","targetHints":{"allow":["GET"]}}],"collection":[{"href":"https:\/\/www.notijalapa.net\/noticias\/wp-json\/wp\/v2\/posts"}],"about":[{"href":"https:\/\/www.notijalapa.net\/noticias\/wp-json\/wp\/v2\/types\/post"}],"author":[{"embeddable":true,"href":"https:\/\/www.notijalapa.net\/noticias\/wp-json\/wp\/v2\/users\/2"}],"replies":[{"embeddable":true,"href":"https:\/\/www.notijalapa.net\/noticias\/wp-json\/wp\/v2\/comments?post=30642"}],"version-history":[{"count":2,"href":"https:\/\/www.notijalapa.net\/noticias\/wp-json\/wp\/v2\/posts\/30642\/revisions"}],"predecessor-version":[{"id":30652,"href":"https:\/\/www.notijalapa.net\/noticias\/wp-json\/wp\/v2\/posts\/30642\/revisions\/30652"}],"wp:featuredmedia":[{"embeddable":true,"href":"https:\/\/www.notijalapa.net\/noticias\/wp-json\/wp\/v2\/media\/30633"}],"wp:attachment":[{"href":"https:\/\/www.notijalapa.net\/noticias\/wp-json\/wp\/v2\/media?parent=30642"}],"wp:term":[{"taxonomy":"category","embeddable":true,"href":"https:\/\/www.notijalapa.net\/noticias\/wp-json\/wp\/v2\/categories?post=30642"},{"taxonomy":"post_tag","embeddable":true,"href":"https:\/\/www.notijalapa.net\/noticias\/wp-json\/wp\/v2\/tags?post=30642"}],"curies":[{"name":"wp","href":"https:\/\/api.w.org\/{rel}","templated":true}]}}