{"id":30640,"date":"2026-04-28T10:56:09","date_gmt":"2026-04-28T10:56:09","guid":{"rendered":"https:\/\/www.notijalapa.net\/noticias\/?p=30640"},"modified":"2026-04-28T11:14:15","modified_gmt":"2026-04-28T11:14:15","slug":"que-ha-pasado-con-la-investigacion-sobre-las-amenazas-en-centro-educativo","status":"publish","type":"post","link":"https:\/\/www.notijalapa.net\/noticias\/2026\/04\/28\/que-ha-pasado-con-la-investigacion-sobre-las-amenazas-en-centro-educativo\/","title":{"rendered":"\u00bfQu\u00e9 ha pasado con la investigaci\u00f3n sobre las amenazas en centro educativo?"},"content":{"rendered":"<p><strong>\u00bfSe tratar\u00e1 de un Trend? \u00bfel autor tiene acceso a arma de fuego? \u00bftendr\u00e1 problemas el due\u00f1o del arma? \u00bfprocesar\u00e1n al menor que se le compruebe ser el responsable por amenazas? <\/strong><\/p>\n<p>La semana pasada recibieron una denuncia en donde la directora del centro educativo informaba de dos hechos, el primero sobre un escrito en pared con una amenaza y otro de unos documentos o papeles con un tipo de amenaza y casquillos de proyectiles de arma de fuego que dejaron en el lugar, seg\u00fan lo dio a conocer el Lic. Mainor Garc\u00eda Fiscal Distrital del Ministerio P\u00fablico.<\/p>\n<p><a href=\"https:\/\/www.notijalapa.net\/noticias\/2026\/04\/28\/socorristas-acudieron-a-35-emergencias-el-fin-de-semana\/\">MIRA: Socorristas acudieron a 35 emergencias el fin de semana<\/a><\/p>\n<p>Ya est\u00e1n trabajando sobre este caso, pero hasta el momento no puede haber ninguna conclusi\u00f3n, sin embargo; tienen conocimiento que este tipo de hechos se han estado dando en otros lugares y en otros pa\u00edses como una mec\u00e1nica de un trend de redes sociales haciendo bromas a trav\u00e9s de este tipo de situaciones. Por lo que es importante mencionarles a los j\u00f3venes y padres de familia que, no se debe jugar con este tipo de situaciones que pueden crear un ambiente delicado, porque incluso el centro educativo tuvo que tomar medidas reales sobre lo que posiblemente sea una broma, pero tampoco se pueden tomar a la ligera.<\/p>\n<p><iframe loading=\"lazy\" title=\"Qu\u00e9 ha pasado con la investigaci\u00f3n sobre las amenazas en centro educativo\" width=\"640\" height=\"360\" src=\"https:\/\/www.youtube.com\/embed\/Hcq1ec5tIzw?feature=oembed\" frameborder=\"0\" allow=\"accelerometer; autoplay; clipboard-write; encrypted-media; gyroscope; picture-in-picture; web-share\" referrerpolicy=\"strict-origin-when-cross-origin\" allowfullscreen><\/iframe><\/p>\n<p>El hecho de colocar este tipo de mensajes que son amenazas podr\u00eda ser constitutivo de un delito y en el caso de ser un colegio que los implicados sean menores de edad y en la ley existe un proceso para adolescentes en conflicto con la ley penal que tendr\u00edan que enfrentar por este tipo de circunstancias dependiendo como vaya avanzando la investigaci\u00f3n. La averiguaci\u00f3n es la misma para todos los casos, lo que cambia es el proceso de menores en comparaci\u00f3n con el de adultos, ya se hicieron presentes al centro educativo a documentar en donde se encontraron los mensajes, deben verificar c\u00e1maras de videovigilancia, tener declaraciones, el punto es, que si se determina que quien coloc\u00f3 esos mensajes es un adulto debe afrontar el proceso en la fiscal\u00eda de distrito, pero si es un menor de edad se debe enviar el expediente a la fiscal\u00eda de adolescentes en conflicto con la ley penal a la ciudad capital para que se haga el proceso seg\u00fan la edad.<\/p>\n<p>Lo que m\u00e1s llama la atenci\u00f3n del caso es, que se evidenciaron unos casquillos, si bien es cierto que podr\u00eda ser un trend porque lo han hecho en diferentes lugares, ya colocar unos casquillos de proyectiles de arma de fuego en el lugar implica una intensi\u00f3n m\u00e1s all\u00e1 de generar un tipo de broma porque se habla que los casquillos representan que alguien de los que colocaron esos mensajes posiblemente tenga acceso a un arma de fuego. Los padres tienen una obligaci\u00f3n que asumen desde que deciden tener hijos y se trata de ser responsables con ellos, cuando son menores de edad los padres son los responsables, por lo que se les hace un llamado a los padres de familia para que vean con qui\u00e9nes se juntan sus hijos, qu\u00e9 es lo que hacen y lo que ven, pero sobre todo a los que portan un arma de fuego deben tener un debido cuidado para evitar m\u00e1s situaciones como esta.<\/p>\n<p style=\"text-align: center;\"><iframe loading=\"lazy\" style=\"border: none; overflow: hidden;\" src=\"https:\/\/www.facebook.com\/plugins\/post.php?href=https%3A%2F%2Fwww.facebook.com%2Fpermalink.php%3Fstory_fbid%3Dpfbid02VBDJ1eExe6vC7vL5ppgKecHNm5f7Zr2TuwKaf7RZfR6fwy7c9Fmv1a1WMgPumjsvl%26id%3D100083158940816&amp;show_text=true&amp;width=500\" width=\"500\" height=\"506\" frameborder=\"0\" scrolling=\"no\" allowfullscreen=\"allowfullscreen\"><\/iframe><\/p>\n","protected":false},"excerpt":{"rendered":"<p>\u00bfSe tratar\u00e1 de un Trend? \u00bfel autor tiene acceso a arma de fuego? \u00bftendr\u00e1 problemas el due\u00f1o del arma? \u00bfprocesar\u00e1n al menor que se le compruebe ser el responsable por amenazas? La semana pasada recibieron una denuncia en donde la directora del centro educativo informaba de dos hechos, el primero sobre un escrito en pared con una amenaza y otro de unos documentos o papeles con un tipo de amenaza y casquillos de proyectiles de arma de fuego que dejaron en el lugar, seg\u00fan lo dio a conocer el Lic.&hellip;<\/p>\n","protected":false},"author":2,"featured_media":30632,"comment_status":"open","ping_status":"open","sticky":false,"template":"","format":"standard","meta":{"footnotes":""},"categories":[3],"tags":[4540,11673],"class_list":["post-30640","post","type-post","status-publish","format-standard","has-post-thumbnail","hentry","category-locales","tag-en-centro-educativo","tag-que-ha-pasado-con-la-investigacion-sobre-las-amenazas"],"gutentor_comment":0,"_links":{"self":[{"href":"https:\/\/www.notijalapa.net\/noticias\/wp-json\/wp\/v2\/posts\/30640","targetHints":{"allow":["GET"]}}],"collection":[{"href":"https:\/\/www.notijalapa.net\/noticias\/wp-json\/wp\/v2\/posts"}],"about":[{"href":"https:\/\/www.notijalapa.net\/noticias\/wp-json\/wp\/v2\/types\/post"}],"author":[{"embeddable":true,"href":"https:\/\/www.notijalapa.net\/noticias\/wp-json\/wp\/v2\/users\/2"}],"replies":[{"embeddable":true,"href":"https:\/\/www.notijalapa.net\/noticias\/wp-json\/wp\/v2\/comments?post=30640"}],"version-history":[{"count":2,"href":"https:\/\/www.notijalapa.net\/noticias\/wp-json\/wp\/v2\/posts\/30640\/revisions"}],"predecessor-version":[{"id":30653,"href":"https:\/\/www.notijalapa.net\/noticias\/wp-json\/wp\/v2\/posts\/30640\/revisions\/30653"}],"wp:featuredmedia":[{"embeddable":true,"href":"https:\/\/www.notijalapa.net\/noticias\/wp-json\/wp\/v2\/media\/30632"}],"wp:attachment":[{"href":"https:\/\/www.notijalapa.net\/noticias\/wp-json\/wp\/v2\/media?parent=30640"}],"wp:term":[{"taxonomy":"category","embeddable":true,"href":"https:\/\/www.notijalapa.net\/noticias\/wp-json\/wp\/v2\/categories?post=30640"},{"taxonomy":"post_tag","embeddable":true,"href":"https:\/\/www.notijalapa.net\/noticias\/wp-json\/wp\/v2\/tags?post=30640"}],"curies":[{"name":"wp","href":"https:\/\/api.w.org\/{rel}","templated":true}]}}