{"id":30616,"date":"2026-04-25T14:25:36","date_gmt":"2026-04-25T14:25:36","guid":{"rendered":"https:\/\/www.notijalapa.net\/noticias\/?p=30616"},"modified":"2026-04-25T14:31:01","modified_gmt":"2026-04-25T14:31:01","slug":"que-paso-con-el-detenido-que-manoseaba-a-la-nina-en-el-parque","status":"publish","type":"post","link":"https:\/\/www.notijalapa.net\/noticias\/2026\/04\/25\/que-paso-con-el-detenido-que-manoseaba-a-la-nina-en-el-parque\/","title":{"rendered":"\u00bfQu\u00e9 pas\u00f3 con el detenido que manoseaba a la ni\u00f1a en el parque?"},"content":{"rendered":"<p>En cuanto al \u00e1mbito penal ellos comparecieron en representaci\u00f3n de la ni\u00f1a que se observaba en el video que circul\u00f3 en redes sociales del adulto mayor que tocaba de mala forma a una ni\u00f1a en el parque del municipio de Mataquescuintla, pero por criterio judicial el fallo fue por falta de m\u00e9rito, seg\u00fan lo indic\u00f3 el Lic. Luis M\u00e9ndez delegado de la PGN.<\/p>\n<p><a href=\"https:\/\/www.notijalapa.net\/noticias\/2026\/04\/25\/quitar-las-maquinas-traga-moneas-y-la-talacha-es-el-reto-del-gobernador\/\">MIRA: Quitar las maquinas traga moneas y la talacha es el reto del gobernador<\/a><\/p>\n<p>Seg\u00fan manifestaban, no se pod\u00eda vincular o ver una acci\u00f3n especifica, debido a que no se podr\u00eda observar las im\u00e1genes claras o lo que el se\u00f1or pretend\u00eda hacer, pero ellos est\u00e1n en comunicaci\u00f3n con el Ministerio P\u00fablico, para determinar si es viable la apelaci\u00f3n en cuanto a este criterio judicial.<\/p>\n<p><iframe loading=\"lazy\" title=\"Qu\u00e9 pas\u00f3 con el detenido que manoseaba a la ni\u00f1a en el parque\" width=\"640\" height=\"360\" src=\"https:\/\/www.youtube.com\/embed\/m-PZE-bDoLg?feature=oembed\" frameborder=\"0\" allow=\"accelerometer; autoplay; clipboard-write; encrypted-media; gyroscope; picture-in-picture; web-share\" referrerpolicy=\"strict-origin-when-cross-origin\" allowfullscreen><\/iframe><\/p>\n<p>En cuanto al tema de protecci\u00f3n desde que tuvieron conocimiento que se hicieron las coordinaciones con Polic\u00eda Nacional Civil y posteriormente con la Municipalidad de Mataquescuintla y COCODES para tatar de localizar a la se\u00f1ora como a la ni\u00f1a, pero a la fecha no ha sido posible identificarlos, algunos aducen que no pertenecen a este departamento.<\/p>\n<p style=\"text-align: center;\"><iframe loading=\"lazy\" style=\"border: none; overflow: hidden;\" src=\"https:\/\/www.facebook.com\/plugins\/post.php?href=https%3A%2F%2Fwww.facebook.com%2Fpermalink.php%3Fstory_fbid%3Dpfbid0Uf53XDv2KnDHmZgHZdE9Ag76KX6SzezrQFhySnymoha1LYhVnNih8f9VbeAAn3w6l%26id%3D100083158940816&amp;show_text=true&amp;width=500\" width=\"500\" height=\"487\" frameborder=\"0\" scrolling=\"no\" allowfullscreen=\"allowfullscreen\"><\/iframe><\/p>\n","protected":false},"excerpt":{"rendered":"<p>En cuanto al \u00e1mbito penal ellos comparecieron en representaci\u00f3n de la ni\u00f1a que se observaba en el video que circul\u00f3 en redes sociales del adulto mayor que tocaba de mala forma a una ni\u00f1a en el parque del municipio de Mataquescuintla, pero por criterio judicial el fallo fue por falta de m\u00e9rito, seg\u00fan lo indic\u00f3 el Lic. Luis M\u00e9ndez delegado de la PGN. MIRA: Quitar las maquinas traga moneas y la talacha es el reto del gobernador Seg\u00fan manifestaban, no se pod\u00eda vincular o ver una acci\u00f3n especifica, debido a&hellip;<\/p>\n","protected":false},"author":2,"featured_media":30608,"comment_status":"open","ping_status":"open","sticky":false,"template":"","format":"standard","meta":{"footnotes":""},"categories":[3],"tags":[11666,11665],"class_list":["post-30616","post","type-post","status-publish","format-standard","has-post-thumbnail","hentry","category-locales","tag-manoseaba-a-la-nina-en-el-parque","tag-que-paso-con-el-detenido-que"],"gutentor_comment":0,"_links":{"self":[{"href":"https:\/\/www.notijalapa.net\/noticias\/wp-json\/wp\/v2\/posts\/30616","targetHints":{"allow":["GET"]}}],"collection":[{"href":"https:\/\/www.notijalapa.net\/noticias\/wp-json\/wp\/v2\/posts"}],"about":[{"href":"https:\/\/www.notijalapa.net\/noticias\/wp-json\/wp\/v2\/types\/post"}],"author":[{"embeddable":true,"href":"https:\/\/www.notijalapa.net\/noticias\/wp-json\/wp\/v2\/users\/2"}],"replies":[{"embeddable":true,"href":"https:\/\/www.notijalapa.net\/noticias\/wp-json\/wp\/v2\/comments?post=30616"}],"version-history":[{"count":2,"href":"https:\/\/www.notijalapa.net\/noticias\/wp-json\/wp\/v2\/posts\/30616\/revisions"}],"predecessor-version":[{"id":30622,"href":"https:\/\/www.notijalapa.net\/noticias\/wp-json\/wp\/v2\/posts\/30616\/revisions\/30622"}],"wp:featuredmedia":[{"embeddable":true,"href":"https:\/\/www.notijalapa.net\/noticias\/wp-json\/wp\/v2\/media\/30608"}],"wp:attachment":[{"href":"https:\/\/www.notijalapa.net\/noticias\/wp-json\/wp\/v2\/media?parent=30616"}],"wp:term":[{"taxonomy":"category","embeddable":true,"href":"https:\/\/www.notijalapa.net\/noticias\/wp-json\/wp\/v2\/categories?post=30616"},{"taxonomy":"post_tag","embeddable":true,"href":"https:\/\/www.notijalapa.net\/noticias\/wp-json\/wp\/v2\/tags?post=30616"}],"curies":[{"name":"wp","href":"https:\/\/api.w.org\/{rel}","templated":true}]}}