{"id":30612,"date":"2026-04-25T14:24:40","date_gmt":"2026-04-25T14:24:40","guid":{"rendered":"https:\/\/www.notijalapa.net\/noticias\/?p=30612"},"modified":"2026-04-25T14:24:40","modified_gmt":"2026-04-25T14:24:40","slug":"pgn-investiga-la-vulneracion-de-derechos-de-estudiantes-de-colegio-de-san-pedro-pinula","status":"publish","type":"post","link":"https:\/\/www.notijalapa.net\/noticias\/2026\/04\/25\/pgn-investiga-la-vulneracion-de-derechos-de-estudiantes-de-colegio-de-san-pedro-pinula\/","title":{"rendered":"PGN investiga la vulneraci\u00f3n de derechos de estudiantes de colegio de San Pedro Pinula"},"content":{"rendered":"<p>Como Procuradur\u00eda General de la Naci\u00f3n, fueron notificados de la denuncia con relaci\u00f3n a la situaci\u00f3n que se dio en el centro educativo en el municipio de San Pedro Pinula, seg\u00fan lo dio a conocer el Lic. Luis M\u00e9ndez delegado de la PGN.<\/p>\n<p>Por la misma naturaleza de la actividad o de lo que se est\u00e1 denunciando, actualmente est\u00e1n en el proceso de investigaci\u00f3n y est\u00e1n con reservas de la informaci\u00f3n, ya se est\u00e1 abordando a las autoridades del establecimiento educativo, como tambi\u00e9n a los estudiantes que estuvieron en estas circunstancias.<\/p>\n<p>Juntamente con el ministerio de educaci\u00f3n ya han solicitado informaci\u00f3n de lo que pas\u00f3 y ya se tienen diligencias, siguen haciendo los abordajes para ver si es recomendable un proceso de protecci\u00f3n o hacer las recomendaciones administrativas pertinentes.<\/p>\n","protected":false},"excerpt":{"rendered":"<p>Como Procuradur\u00eda General de la Naci\u00f3n, fueron notificados de la denuncia con relaci\u00f3n a la situaci\u00f3n que se dio en el centro educativo en el municipio de San Pedro Pinula, seg\u00fan lo dio a conocer el Lic. Luis M\u00e9ndez delegado de la PGN. Por la misma naturaleza de la actividad o de lo que se est\u00e1 denunciando, actualmente est\u00e1n en el proceso de investigaci\u00f3n y est\u00e1n con reservas de la informaci\u00f3n, ya se est\u00e1 abordando a las autoridades del establecimiento educativo, como tambi\u00e9n a los estudiantes que estuvieron en estas&hellip;<\/p>\n","protected":false},"author":2,"featured_media":30608,"comment_status":"open","ping_status":"open","sticky":false,"template":"","format":"standard","meta":{"footnotes":""},"categories":[3],"tags":[11664,11663],"class_list":["post-30612","post","type-post","status-publish","format-standard","has-post-thumbnail","hentry","category-locales","tag-estudiantes-de-colegio-de-san-pedro-pinula","tag-pgn-investiga-la-vulneracion-de-derechos-de"],"gutentor_comment":0,"_links":{"self":[{"href":"https:\/\/www.notijalapa.net\/noticias\/wp-json\/wp\/v2\/posts\/30612","targetHints":{"allow":["GET"]}}],"collection":[{"href":"https:\/\/www.notijalapa.net\/noticias\/wp-json\/wp\/v2\/posts"}],"about":[{"href":"https:\/\/www.notijalapa.net\/noticias\/wp-json\/wp\/v2\/types\/post"}],"author":[{"embeddable":true,"href":"https:\/\/www.notijalapa.net\/noticias\/wp-json\/wp\/v2\/users\/2"}],"replies":[{"embeddable":true,"href":"https:\/\/www.notijalapa.net\/noticias\/wp-json\/wp\/v2\/comments?post=30612"}],"version-history":[{"count":1,"href":"https:\/\/www.notijalapa.net\/noticias\/wp-json\/wp\/v2\/posts\/30612\/revisions"}],"predecessor-version":[{"id":30613,"href":"https:\/\/www.notijalapa.net\/noticias\/wp-json\/wp\/v2\/posts\/30612\/revisions\/30613"}],"wp:featuredmedia":[{"embeddable":true,"href":"https:\/\/www.notijalapa.net\/noticias\/wp-json\/wp\/v2\/media\/30608"}],"wp:attachment":[{"href":"https:\/\/www.notijalapa.net\/noticias\/wp-json\/wp\/v2\/media?parent=30612"}],"wp:term":[{"taxonomy":"category","embeddable":true,"href":"https:\/\/www.notijalapa.net\/noticias\/wp-json\/wp\/v2\/categories?post=30612"},{"taxonomy":"post_tag","embeddable":true,"href":"https:\/\/www.notijalapa.net\/noticias\/wp-json\/wp\/v2\/tags?post=30612"}],"curies":[{"name":"wp","href":"https:\/\/api.w.org\/{rel}","templated":true}]}}