{"id":30605,"date":"2026-04-25T14:23:45","date_gmt":"2026-04-25T14:23:45","guid":{"rendered":"https:\/\/www.notijalapa.net\/noticias\/?p=30605"},"modified":"2026-04-25T14:33:17","modified_gmt":"2026-04-25T14:33:17","slug":"agricultores-deberan-aprovechar-las-primeras-lluvias-del-invierno","status":"publish","type":"post","link":"https:\/\/www.notijalapa.net\/noticias\/2026\/04\/25\/agricultores-deberan-aprovechar-las-primeras-lluvias-del-invierno\/","title":{"rendered":"Agricultores deber\u00e1n aprovechar las primeras lluvias del invierno"},"content":{"rendered":"<p>Con respecto al bolet\u00edn agroclim\u00e1tico, sostuvieron una reuni\u00f3n a nivel regional, para ver cu\u00e1les eran las recomendaciones para el sector agr\u00edcola, seg\u00fan lo dio a conocer el Ing. Cristian Estrada delegado de la CONRED.<\/p>\n<p><a href=\"https:\/\/www.notijalapa.net\/noticias\/2026\/04\/25\/la-seguridad-de-los-jalapanecos-es-el-reto-del-nuevo-gobernador\/\">MIRA: La seguridad de los jalapanecos es el reto del nuevo gobernador<\/a><\/p>\n<p>Una de ellas es, que se aproveche la humedad de las primeras lluvias que se van a presentar a finales de abril y principios de mayo, porque las siembras como el ma\u00edz tienen cien d\u00edas para la cosecha, eso concuerda con la primera fase del invierno para que los agricultores puedan tener producci\u00f3n.<\/p>\n<p><iframe loading=\"lazy\" title=\"Agricultores deber\u00e1n aprovechar las primeras lluvias del invierno\" width=\"640\" height=\"360\" src=\"https:\/\/www.youtube.com\/embed\/Upoeda5vlYo?feature=oembed\" frameborder=\"0\" allow=\"accelerometer; autoplay; clipboard-write; encrypted-media; gyroscope; picture-in-picture; web-share\" referrerpolicy=\"strict-origin-when-cross-origin\" allowfullscreen><\/iframe><\/p>\n<p>Los agricultores deber\u00e1n aprovechar la primera humedad que se va a tener en los pr\u00f3ximos d\u00edas, para que en la can\u00edcula no afecte las cosecha y los agricultores se ven afectados.<\/p>\n<p style=\"text-align: center;\"><iframe loading=\"lazy\" style=\"border: none; overflow: hidden;\" src=\"https:\/\/www.facebook.com\/plugins\/post.php?href=https%3A%2F%2Fwww.facebook.com%2Fpermalink.php%3Fstory_fbid%3Dpfbid02uCd5UYM2MEm47rcE93fwLgmMxfrC6DnCa5XRF5p1ocHUDD6rYeLGMkPmURes5vy3l%26id%3D100083158940816&amp;show_text=true&amp;width=500\" width=\"500\" height=\"794\" frameborder=\"0\" scrolling=\"no\" allowfullscreen=\"allowfullscreen\"><\/iframe><\/p>\n","protected":false},"excerpt":{"rendered":"<p>Con respecto al bolet\u00edn agroclim\u00e1tico, sostuvieron una reuni\u00f3n a nivel regional, para ver cu\u00e1les eran las recomendaciones para el sector agr\u00edcola, seg\u00fan lo dio a conocer el Ing. Cristian Estrada delegado de la CONRED. MIRA: La seguridad de los jalapanecos es el reto del nuevo gobernador Una de ellas es, que se aproveche la humedad de las primeras lluvias que se van a presentar a finales de abril y principios de mayo, porque las siembras como el ma\u00edz tienen cien d\u00edas para la cosecha, eso concuerda con la primera fase&hellip;<\/p>\n","protected":false},"author":2,"featured_media":30606,"comment_status":"open","ping_status":"open","sticky":false,"template":"","format":"standard","meta":{"footnotes":""},"categories":[3],"tags":[11659,11660],"class_list":["post-30605","post","type-post","status-publish","format-standard","has-post-thumbnail","hentry","category-locales","tag-agricultores-deberan-aprovechar","tag-las-primeras-lluvias-del-invierno"],"gutentor_comment":0,"_links":{"self":[{"href":"https:\/\/www.notijalapa.net\/noticias\/wp-json\/wp\/v2\/posts\/30605","targetHints":{"allow":["GET"]}}],"collection":[{"href":"https:\/\/www.notijalapa.net\/noticias\/wp-json\/wp\/v2\/posts"}],"about":[{"href":"https:\/\/www.notijalapa.net\/noticias\/wp-json\/wp\/v2\/types\/post"}],"author":[{"embeddable":true,"href":"https:\/\/www.notijalapa.net\/noticias\/wp-json\/wp\/v2\/users\/2"}],"replies":[{"embeddable":true,"href":"https:\/\/www.notijalapa.net\/noticias\/wp-json\/wp\/v2\/comments?post=30605"}],"version-history":[{"count":2,"href":"https:\/\/www.notijalapa.net\/noticias\/wp-json\/wp\/v2\/posts\/30605\/revisions"}],"predecessor-version":[{"id":30626,"href":"https:\/\/www.notijalapa.net\/noticias\/wp-json\/wp\/v2\/posts\/30605\/revisions\/30626"}],"wp:featuredmedia":[{"embeddable":true,"href":"https:\/\/www.notijalapa.net\/noticias\/wp-json\/wp\/v2\/media\/30606"}],"wp:attachment":[{"href":"https:\/\/www.notijalapa.net\/noticias\/wp-json\/wp\/v2\/media?parent=30605"}],"wp:term":[{"taxonomy":"category","embeddable":true,"href":"https:\/\/www.notijalapa.net\/noticias\/wp-json\/wp\/v2\/categories?post=30605"},{"taxonomy":"post_tag","embeddable":true,"href":"https:\/\/www.notijalapa.net\/noticias\/wp-json\/wp\/v2\/tags?post=30605"}],"curies":[{"name":"wp","href":"https:\/\/api.w.org\/{rel}","templated":true}]}}