{"id":30497,"date":"2026-04-18T12:58:49","date_gmt":"2026-04-18T12:58:49","guid":{"rendered":"https:\/\/www.notijalapa.net\/noticias\/?p=30497"},"modified":"2026-04-18T13:14:32","modified_gmt":"2026-04-18T13:14:32","slug":"las-municipalidades-se-extienden-avales-de-riesgo","status":"publish","type":"post","link":"https:\/\/www.notijalapa.net\/noticias\/2026\/04\/18\/las-municipalidades-se-extienden-avales-de-riesgo\/","title":{"rendered":"Las municipalidades se extienden avales de riesgo"},"content":{"rendered":"<p>El a\u00f1o pasado como SE-CONRED estaban trabajando el tema de avales a trav\u00e9s de la direcci\u00f3n de normas, pero a trav\u00e9s de una solicitud que hizo la ANAM, en el cual solicitaban que el tema de los avales se trasladara directamente a las municipalidades, seg\u00fan lo dio a conocer el Ing. Cristian Estrada delegado de CONRED.<\/p>\n<p><a href=\"https:\/\/www.notijalapa.net\/noticias\/2026\/04\/18\/la-violencia-entre-pandillas-es-un-pretexto-o-deben-hacer-algo-las-autoridades\/\">MIRA: La violencia entre pandillas \u00bfes un pretexto o deben hacer algo las autoridades?<\/a><\/p>\n<p>En ese sentido el sistema nacional en el acuerdo SN-3-2025 traslada esta responsabilidad a las municipalidades bas\u00e1ndose en la solicitud de la ANAM, en ese sentido las municipalidades como entes ejecutores de inversi\u00f3n p\u00fablica son las responsables en realizar su propio aval e implementar la normativa NR2 en su jurisdicci\u00f3n municipal.<\/p>\n<p><iframe loading=\"lazy\" title=\"Las municipalidades se extienden avales de riesgo\" width=\"640\" height=\"360\" src=\"https:\/\/www.youtube.com\/embed\/iX_TeFeuLzQ?feature=oembed\" frameborder=\"0\" allow=\"accelerometer; autoplay; clipboard-write; encrypted-media; gyroscope; picture-in-picture; web-share\" referrerpolicy=\"strict-origin-when-cross-origin\" allowfullscreen><\/iframe><\/p>\n<p>Desde la creaci\u00f3n de este acuerdo, las municipalidades son las encargadas de, que cuando ya tengan su expediente y lo eleven a SEGEPLAN, ellos ya tienen que tener esta norma implementada en todos los proyectos de ejecuci\u00f3n de obra p\u00fablica, eso quiere decir que ahora son juez y parte, pero est\u00e1n viendo la posibilidad de que esto vuelva a dominio de la SE-CONRED y que ellos son los que den estos avales, pero hasta la fecha las municipalidades son las responsables de implementarlos.<\/p>\n<p style=\"text-align: center;\"><iframe loading=\"lazy\" style=\"border: none; overflow: hidden;\" src=\"https:\/\/www.facebook.com\/plugins\/post.php?href=https%3A%2F%2Fwww.facebook.com%2Fpermalink.php%3Fstory_fbid%3Dpfbid0kz2YuSTufHc61hvYnfnqUnoBrTgEdKdcxSBwSfyUAqGfaJ7NVz4a4ZwknUHUMA42l%26id%3D100083158940816&amp;show_text=true&amp;width=500\" width=\"500\" height=\"525\" frameborder=\"0\" scrolling=\"no\" allowfullscreen=\"allowfullscreen\"><\/iframe><\/p>\n","protected":false},"excerpt":{"rendered":"<p>El a\u00f1o pasado como SE-CONRED estaban trabajando el tema de avales a trav\u00e9s de la direcci\u00f3n de normas, pero a trav\u00e9s de una solicitud que hizo la ANAM, en el cual solicitaban que el tema de los avales se trasladara directamente a las municipalidades, seg\u00fan lo dio a conocer el Ing. Cristian Estrada delegado de CONRED. MIRA: La violencia entre pandillas \u00bfes un pretexto o deben hacer algo las autoridades? En ese sentido el sistema nacional en el acuerdo SN-3-2025 traslada esta responsabilidad a las municipalidades bas\u00e1ndose en la solicitud&hellip;<\/p>\n","protected":false},"author":2,"featured_media":30488,"comment_status":"open","ping_status":"open","sticky":false,"template":"","format":"standard","meta":{"footnotes":""},"categories":[3],"tags":[11610,11609],"class_list":["post-30497","post","type-post","status-publish","format-standard","has-post-thumbnail","hentry","category-locales","tag-extienden-avales-de-riesgo","tag-las-municipalidades-se"],"gutentor_comment":0,"_links":{"self":[{"href":"https:\/\/www.notijalapa.net\/noticias\/wp-json\/wp\/v2\/posts\/30497","targetHints":{"allow":["GET"]}}],"collection":[{"href":"https:\/\/www.notijalapa.net\/noticias\/wp-json\/wp\/v2\/posts"}],"about":[{"href":"https:\/\/www.notijalapa.net\/noticias\/wp-json\/wp\/v2\/types\/post"}],"author":[{"embeddable":true,"href":"https:\/\/www.notijalapa.net\/noticias\/wp-json\/wp\/v2\/users\/2"}],"replies":[{"embeddable":true,"href":"https:\/\/www.notijalapa.net\/noticias\/wp-json\/wp\/v2\/comments?post=30497"}],"version-history":[{"count":2,"href":"https:\/\/www.notijalapa.net\/noticias\/wp-json\/wp\/v2\/posts\/30497\/revisions"}],"predecessor-version":[{"id":30506,"href":"https:\/\/www.notijalapa.net\/noticias\/wp-json\/wp\/v2\/posts\/30497\/revisions\/30506"}],"wp:featuredmedia":[{"embeddable":true,"href":"https:\/\/www.notijalapa.net\/noticias\/wp-json\/wp\/v2\/media\/30488"}],"wp:attachment":[{"href":"https:\/\/www.notijalapa.net\/noticias\/wp-json\/wp\/v2\/media?parent=30497"}],"wp:term":[{"taxonomy":"category","embeddable":true,"href":"https:\/\/www.notijalapa.net\/noticias\/wp-json\/wp\/v2\/categories?post=30497"},{"taxonomy":"post_tag","embeddable":true,"href":"https:\/\/www.notijalapa.net\/noticias\/wp-json\/wp\/v2\/tags?post=30497"}],"curies":[{"name":"wp","href":"https:\/\/api.w.org\/{rel}","templated":true}]}}