{"id":30300,"date":"2026-04-08T10:56:09","date_gmt":"2026-04-08T10:56:09","guid":{"rendered":"https:\/\/www.notijalapa.net\/noticias\/?p=30300"},"modified":"2026-04-08T11:07:12","modified_gmt":"2026-04-08T11:07:12","slug":"lluvias-intermitentes-continuaran-esta-semana","status":"publish","type":"post","link":"https:\/\/www.notijalapa.net\/noticias\/2026\/04\/08\/lluvias-intermitentes-continuaran-esta-semana\/","title":{"rendered":"Lluvias intermitentes continuar\u00e1n esta semana"},"content":{"rendered":"<p>En cuanto a las condiciones clim\u00e1ticas que han prevalecido y que seguir\u00e1n en las pr\u00f3ximas horas son a consecuencias de frentes fr\u00edos que se han dado y esta semana estaremos bajo la influencia de un frente frio, seg\u00fan lo dio a conocer el Ing. Cristian Estrada delegado de la CONRED.<\/p>\n<p><a href=\"https:\/\/www.notijalapa.net\/noticias\/2026\/04\/08\/una-alerta-de-menor-desaparecida-durante-semana-santa\/\">MIRA: Una alerta de menor desaparecida durante semana santa<\/a><\/p>\n<p>El frente frio ha provocado la alta humedad y ha provocado lluvias fuertes e intermitentes, tambi\u00e9n se ha tenido actividad el\u00e9ctrica, esto debido a la anormalidad clim\u00e1tica que se ha tenido, y los cient\u00edficos del insivumeh lo identifican como a\u00f1os an\u00e1logos, este a\u00f1o es muy parecido a como se tuvo en el a\u00f1o 2013 y 2014.<\/p>\n<p><iframe loading=\"lazy\" title=\"Lluvias intermitentes continuar\u00e1n esta semana\" width=\"640\" height=\"360\" src=\"https:\/\/www.youtube.com\/embed\/p-HnpMTLUow?feature=oembed\" frameborder=\"0\" allow=\"accelerometer; autoplay; clipboard-write; encrypted-media; gyroscope; picture-in-picture; web-share\" referrerpolicy=\"strict-origin-when-cross-origin\" allowfullscreen><\/iframe><\/p>\n<p>Se van a tener las mismas condiciones para los pr\u00f3ximos d\u00edas, para el fin de semana ya se espera que cambien las condiciones clim\u00e1ticas, debido que se tendr\u00e1 el ingreso de alta presi\u00f3n, esto quiere decir que van aumentar los vientos y se va a tener una disminuci\u00f3n de las lluvias.<\/p>\n<p>Debemos tener nuestras medidas de prevenci\u00f3n y preparamos muy bien para la primera fase del invierno, empezar a reparar los techos de las viviendas, limpiar los drenajes, para evitar inundaciones futuras por las lluvias que se puedan tener.<\/p>\n<p style=\"text-align: center;\"><iframe loading=\"lazy\" style=\"border: none; overflow: hidden;\" src=\"https:\/\/www.facebook.com\/plugins\/post.php?href=https%3A%2F%2Fwww.facebook.com%2Fpermalink.php%3Fstory_fbid%3Dpfbid02KiK2ivK4psk3vWJzEYk7zZxn1ENCebZZDTeAbnvce365DRzo3vGaTJZ2VugLXMd8l%26id%3D100083158940816&amp;show_text=true&amp;width=500\" width=\"500\" height=\"525\" frameborder=\"0\" scrolling=\"no\" allowfullscreen=\"allowfullscreen\"><\/iframe><\/p>\n","protected":false},"excerpt":{"rendered":"<p>En cuanto a las condiciones clim\u00e1ticas que han prevalecido y que seguir\u00e1n en las pr\u00f3ximas horas son a consecuencias de frentes fr\u00edos que se han dado y esta semana estaremos bajo la influencia de un frente frio, seg\u00fan lo dio a conocer el Ing. Cristian Estrada delegado de la CONRED. MIRA: Una alerta de menor desaparecida durante semana santa El frente frio ha provocado la alta humedad y ha provocado lluvias fuertes e intermitentes, tambi\u00e9n se ha tenido actividad el\u00e9ctrica, esto debido a la anormalidad clim\u00e1tica que se ha tenido,&hellip;<\/p>\n","protected":false},"author":2,"featured_media":30289,"comment_status":"open","ping_status":"open","sticky":false,"template":"","format":"standard","meta":{"footnotes":""},"categories":[3],"tags":[4927,11528],"class_list":["post-30300","post","type-post","status-publish","format-standard","has-post-thumbnail","hentry","category-locales","tag-esta-semana","tag-lluvias-intermitentes-continuaran"],"gutentor_comment":0,"_links":{"self":[{"href":"https:\/\/www.notijalapa.net\/noticias\/wp-json\/wp\/v2\/posts\/30300","targetHints":{"allow":["GET"]}}],"collection":[{"href":"https:\/\/www.notijalapa.net\/noticias\/wp-json\/wp\/v2\/posts"}],"about":[{"href":"https:\/\/www.notijalapa.net\/noticias\/wp-json\/wp\/v2\/types\/post"}],"author":[{"embeddable":true,"href":"https:\/\/www.notijalapa.net\/noticias\/wp-json\/wp\/v2\/users\/2"}],"replies":[{"embeddable":true,"href":"https:\/\/www.notijalapa.net\/noticias\/wp-json\/wp\/v2\/comments?post=30300"}],"version-history":[{"count":2,"href":"https:\/\/www.notijalapa.net\/noticias\/wp-json\/wp\/v2\/posts\/30300\/revisions"}],"predecessor-version":[{"id":30306,"href":"https:\/\/www.notijalapa.net\/noticias\/wp-json\/wp\/v2\/posts\/30300\/revisions\/30306"}],"wp:featuredmedia":[{"embeddable":true,"href":"https:\/\/www.notijalapa.net\/noticias\/wp-json\/wp\/v2\/media\/30289"}],"wp:attachment":[{"href":"https:\/\/www.notijalapa.net\/noticias\/wp-json\/wp\/v2\/media?parent=30300"}],"wp:term":[{"taxonomy":"category","embeddable":true,"href":"https:\/\/www.notijalapa.net\/noticias\/wp-json\/wp\/v2\/categories?post=30300"},{"taxonomy":"post_tag","embeddable":true,"href":"https:\/\/www.notijalapa.net\/noticias\/wp-json\/wp\/v2\/tags?post=30300"}],"curies":[{"name":"wp","href":"https:\/\/api.w.org\/{rel}","templated":true}]}}