{"id":30288,"date":"2026-04-08T10:54:18","date_gmt":"2026-04-08T10:54:18","guid":{"rendered":"https:\/\/www.notijalapa.net\/noticias\/?p=30288"},"modified":"2026-04-08T11:11:23","modified_gmt":"2026-04-08T11:11:23","slug":"varios-trabajadores-de-instituciones-trabajaron-en-prevencion-de-semana-santa","status":"publish","type":"post","link":"https:\/\/www.notijalapa.net\/noticias\/2026\/04\/08\/varios-trabajadores-de-instituciones-trabajaron-en-prevencion-de-semana-santa\/","title":{"rendered":"Varios trabajadores de instituciones trabajaron en prevenci\u00f3n de semana santa"},"content":{"rendered":"<p>A trav\u00e9s de la secretar\u00eda ejecutiva se lanz\u00f3 las bah\u00edas de prevenci\u00f3n para la semana santa, dentro de las cuales se brindaron varios servicios a los veraneantes, seg\u00fan lo dio a conocer el Ing. Cristian Estrada delegado de la CONRED.<\/p>\n<p><a href=\"https:\/\/www.notijalapa.net\/noticias\/2026\/04\/08\/era-buscado-para-que-responda-por-el-delito-de-portacion-ilegal-de-arma-de-fuego\/\">MIRA: Era buscado para que responda por el delito de portaci\u00f3n ilegal de arma de fuego<\/a><\/p>\n<p>Esta bah\u00eda de prevenci\u00f3n se habilit\u00f3 en el departamento de Santa Rosa en aldea Monterrico, con el objetivo de brindarle a la poblaci\u00f3n un \u00e1rea de prevenci\u00f3n, realizar actividades l\u00fadicas y brindarles varios servicios a las personas que visitaron este lugar.<\/p>\n<p><iframe loading=\"lazy\" title=\"Varios trabajadores de instituciones trabajaron en prevenci\u00f3n de semana santa\" width=\"640\" height=\"360\" src=\"https:\/\/www.youtube.com\/embed\/yJ0vS03sgn0?feature=oembed\" frameborder=\"0\" allow=\"accelerometer; autoplay; clipboard-write; encrypted-media; gyroscope; picture-in-picture; web-share\" referrerpolicy=\"strict-origin-when-cross-origin\" allowfullscreen><\/iframe><\/p>\n<p>Brindaron servicio de rescate, b\u00fasqueda de personas desaparecidas, actividades l\u00fadicas en el tema tur\u00edsticos, prevenci\u00f3n del delito, debido que se unieron diferentes delegados de instituciones para trabajar en conjunto la prevenci\u00f3n.<\/p>\n<p style=\"text-align: center;\"><iframe loading=\"lazy\" style=\"border: none; overflow: hidden;\" src=\"https:\/\/www.facebook.com\/plugins\/post.php?href=https%3A%2F%2Fwww.facebook.com%2Fpermalink.php%3Fstory_fbid%3Dpfbid02UuFtFB4M7SFojXw8DpZVDNH58p8zFT6qpyGo7rVzJfxe9zQyK9Tic1ougm3N4K7tl%26id%3D100083158940816&amp;show_text=true&amp;width=500\" width=\"500\" height=\"755\" frameborder=\"0\" scrolling=\"no\" allowfullscreen=\"allowfullscreen\"><\/iframe><\/p>\n","protected":false},"excerpt":{"rendered":"<p>A trav\u00e9s de la secretar\u00eda ejecutiva se lanz\u00f3 las bah\u00edas de prevenci\u00f3n para la semana santa, dentro de las cuales se brindaron varios servicios a los veraneantes, seg\u00fan lo dio a conocer el Ing. Cristian Estrada delegado de la CONRED. MIRA: Era buscado para que responda por el delito de portaci\u00f3n ilegal de arma de fuego Esta bah\u00eda de prevenci\u00f3n se habilit\u00f3 en el departamento de Santa Rosa en aldea Monterrico, con el objetivo de brindarle a la poblaci\u00f3n un \u00e1rea de prevenci\u00f3n, realizar actividades l\u00fadicas y brindarles varios servicios&hellip;<\/p>\n","protected":false},"author":2,"featured_media":30289,"comment_status":"open","ping_status":"open","sticky":false,"template":"","format":"standard","meta":{"footnotes":""},"categories":[3],"tags":[11522,11521],"class_list":["post-30288","post","type-post","status-publish","format-standard","has-post-thumbnail","hentry","category-locales","tag-en-prevencion-de-semana-santa","tag-varios-trabajadores-de-instituciones-trabajaron"],"gutentor_comment":0,"_links":{"self":[{"href":"https:\/\/www.notijalapa.net\/noticias\/wp-json\/wp\/v2\/posts\/30288","targetHints":{"allow":["GET"]}}],"collection":[{"href":"https:\/\/www.notijalapa.net\/noticias\/wp-json\/wp\/v2\/posts"}],"about":[{"href":"https:\/\/www.notijalapa.net\/noticias\/wp-json\/wp\/v2\/types\/post"}],"author":[{"embeddable":true,"href":"https:\/\/www.notijalapa.net\/noticias\/wp-json\/wp\/v2\/users\/2"}],"replies":[{"embeddable":true,"href":"https:\/\/www.notijalapa.net\/noticias\/wp-json\/wp\/v2\/comments?post=30288"}],"version-history":[{"count":2,"href":"https:\/\/www.notijalapa.net\/noticias\/wp-json\/wp\/v2\/posts\/30288\/revisions"}],"predecessor-version":[{"id":30310,"href":"https:\/\/www.notijalapa.net\/noticias\/wp-json\/wp\/v2\/posts\/30288\/revisions\/30310"}],"wp:featuredmedia":[{"embeddable":true,"href":"https:\/\/www.notijalapa.net\/noticias\/wp-json\/wp\/v2\/media\/30289"}],"wp:attachment":[{"href":"https:\/\/www.notijalapa.net\/noticias\/wp-json\/wp\/v2\/media?parent=30288"}],"wp:term":[{"taxonomy":"category","embeddable":true,"href":"https:\/\/www.notijalapa.net\/noticias\/wp-json\/wp\/v2\/categories?post=30288"},{"taxonomy":"post_tag","embeddable":true,"href":"https:\/\/www.notijalapa.net\/noticias\/wp-json\/wp\/v2\/tags?post=30288"}],"curies":[{"name":"wp","href":"https:\/\/api.w.org\/{rel}","templated":true}]}}