{"id":30172,"date":"2026-03-27T10:58:10","date_gmt":"2026-03-27T10:58:10","guid":{"rendered":"https:\/\/www.notijalapa.net\/noticias\/?p=30172"},"modified":"2026-03-27T11:08:18","modified_gmt":"2026-03-27T11:08:18","slug":"investigan-la-causa-por-la-que-termino-con-la-vida-del-joven","status":"publish","type":"post","link":"https:\/\/www.notijalapa.net\/noticias\/2026\/03\/27\/investigan-la-causa-por-la-que-termino-con-la-vida-del-joven\/","title":{"rendered":"Investigan la causa por la que termin\u00f3 con la vida del joven"},"content":{"rendered":"<p>Lamentablemente hay personas que est\u00e1n en temas de actos delictivos, el escenario del crimen que ocurri\u00f3 en horas de la noche del pasado mi\u00e9rcoles fue un ataque directo, ya que fue dentro de un inmueble en donde lamentablemente la v\u00edctima falleci\u00f3 en el lugar a causa de heridas causadas por proyectil de arma de fuego, seg\u00fan lo manifest\u00f3 el sub comisario Heber Estrada.<\/p>\n<p><a href=\"https:\/\/www.notijalapa.net\/noticias\/2026\/03\/27\/comerciantes-del-mercado-tendran-seguridad\/\">MIRA: Comerciantes del mercado tendr\u00e1n seguridad<\/a><\/p>\n<p>Se le est\u00e1 dando el seguimiento correspondiente con el equipo de investigaci\u00f3n criminal para dar con los responsables de este crimen. Siempre les recomiendan a las personas que, denuncien los hechos delictivos, ya que de no denunciar pueden causar da\u00f1os a los vecinos.<\/p>\n<p><iframe loading=\"lazy\" title=\"Investigan la causa por la que termin\u00f3 con la vida del joven\" width=\"640\" height=\"360\" src=\"https:\/\/www.youtube.com\/embed\/iffEsRupZk0?feature=oembed\" frameborder=\"0\" allow=\"accelerometer; autoplay; clipboard-write; encrypted-media; gyroscope; picture-in-picture; web-share\" referrerpolicy=\"strict-origin-when-cross-origin\" allowfullscreen><\/iframe><\/p>\n<p>En este caso tuvieron conocimiento que, el inmueble en donde ocurri\u00f3 el crimen est\u00e1 arrendado por j\u00f3venes menores de edad y no hay ninguna persona responsable en ese lugar que sea mayor y vele por el apartamento, esta es una de las causas que en Jalapa est\u00e1 dando muchos problemas, muchos due\u00f1os de inmuebles los rentan sin saber que clase de personas vivir\u00e1n ah\u00ed.<\/p>\n<p>El hoy fallecido ya era mayor de edad y fue identificado como Donny Alexander L\u00f3pez P\u00e9rez; de 18 a\u00f1os, pero seg\u00fan la informaci\u00f3n que les brindaron el joven no andaba en buenos pasos, pero de igual manera es un ser humano y ellos como PNC deben velar por la seguridad de todos los ciudadanos.<\/p>\n<p style=\"text-align: center;\"><iframe loading=\"lazy\" style=\"border: none; overflow: hidden;\" src=\"https:\/\/www.facebook.com\/plugins\/post.php?href=https%3A%2F%2Fwww.facebook.com%2Fpermalink.php%3Fstory_fbid%3Dpfbid0oB2U462nAeGtro5t88rzrZHHqFfGj4pQRJK9SnfgGrBf2PS6vzhiH1xDJb6EBpJdl%26id%3D100083158940816&amp;show_text=true&amp;width=500\" width=\"500\" height=\"545\" frameborder=\"0\" scrolling=\"no\" allowfullscreen=\"allowfullscreen\"><\/iframe><\/p>\n","protected":false},"excerpt":{"rendered":"<p>Lamentablemente hay personas que est\u00e1n en temas de actos delictivos, el escenario del crimen que ocurri\u00f3 en horas de la noche del pasado mi\u00e9rcoles fue un ataque directo, ya que fue dentro de un inmueble en donde lamentablemente la v\u00edctima falleci\u00f3 en el lugar a causa de heridas causadas por proyectil de arma de fuego, seg\u00fan lo manifest\u00f3 el sub comisario Heber Estrada. MIRA: Comerciantes del mercado tendr\u00e1n seguridad Se le est\u00e1 dando el seguimiento correspondiente con el equipo de investigaci\u00f3n criminal para dar con los responsables de este crimen.&hellip;<\/p>\n","protected":false},"author":2,"featured_media":30162,"comment_status":"open","ping_status":"open","sticky":false,"template":"","format":"standard","meta":{"footnotes":""},"categories":[3],"tags":[11477,11478],"class_list":["post-30172","post","type-post","status-publish","format-standard","has-post-thumbnail","hentry","category-locales","tag-investigan-la-causa-por-la-que","tag-termino-con-la-vida-del-joven"],"gutentor_comment":0,"_links":{"self":[{"href":"https:\/\/www.notijalapa.net\/noticias\/wp-json\/wp\/v2\/posts\/30172","targetHints":{"allow":["GET"]}}],"collection":[{"href":"https:\/\/www.notijalapa.net\/noticias\/wp-json\/wp\/v2\/posts"}],"about":[{"href":"https:\/\/www.notijalapa.net\/noticias\/wp-json\/wp\/v2\/types\/post"}],"author":[{"embeddable":true,"href":"https:\/\/www.notijalapa.net\/noticias\/wp-json\/wp\/v2\/users\/2"}],"replies":[{"embeddable":true,"href":"https:\/\/www.notijalapa.net\/noticias\/wp-json\/wp\/v2\/comments?post=30172"}],"version-history":[{"count":3,"href":"https:\/\/www.notijalapa.net\/noticias\/wp-json\/wp\/v2\/posts\/30172\/revisions"}],"predecessor-version":[{"id":30175,"href":"https:\/\/www.notijalapa.net\/noticias\/wp-json\/wp\/v2\/posts\/30172\/revisions\/30175"}],"wp:featuredmedia":[{"embeddable":true,"href":"https:\/\/www.notijalapa.net\/noticias\/wp-json\/wp\/v2\/media\/30162"}],"wp:attachment":[{"href":"https:\/\/www.notijalapa.net\/noticias\/wp-json\/wp\/v2\/media?parent=30172"}],"wp:term":[{"taxonomy":"category","embeddable":true,"href":"https:\/\/www.notijalapa.net\/noticias\/wp-json\/wp\/v2\/categories?post=30172"},{"taxonomy":"post_tag","embeddable":true,"href":"https:\/\/www.notijalapa.net\/noticias\/wp-json\/wp\/v2\/tags?post=30172"}],"curies":[{"name":"wp","href":"https:\/\/api.w.org\/{rel}","templated":true}]}}