{"id":29997,"date":"2026-03-18T10:58:17","date_gmt":"2026-03-18T10:58:17","guid":{"rendered":"https:\/\/www.notijalapa.net\/noticias\/?p=29997"},"modified":"2026-03-18T11:10:56","modified_gmt":"2026-03-18T11:10:56","slug":"frente-frio-es-el-causante-de-las-lluvias-intermitentes","status":"publish","type":"post","link":"https:\/\/www.notijalapa.net\/noticias\/2026\/03\/18\/frente-frio-es-el-causante-de-las-lluvias-intermitentes\/","title":{"rendered":"Frente frio es el causante de las lluvias intermitentes"},"content":{"rendered":"<p>Respecto a las condiciones clim\u00e1ticas que se estar\u00e1n presentando durante esta semana, el pasado lunes ingres\u00f3 al territorio nacional el frente fr\u00edo n\u00famero 14, este es el causante de que en horas de la ma\u00f1ana de este martes se hicieran presentes algunas lluvias intermitentes de leves a moderadas, seg\u00fan lo dio a conocer el Ing. Cristian Estrada delegado de la CONRED.<\/p>\n<p><a href=\"https:\/\/www.notijalapa.net\/noticias\/2026\/03\/18\/jalapanecos-seamos-amables-con-las-personas-que-nos-visitaran-para-semana-santa\/\">MIRA: Jalapanecos, seamos amables con las personas que nos visitar\u00e1n para semana santa<\/a><\/p>\n<p>As\u00ed mismo, en la parte nororiente, en los departamentos de Chiquimula y Zacapa se reportaron lluvias moderadas, en cuanto a estos sistemas es un principio que el frente fr\u00edo se desplaz\u00f3 al \u00e1rea caliente, y esa convergencia del aire caliente a h\u00famedo y seco, se da este tipo de humedad y hace que se precipite la lluvia.<\/p>\n<p><iframe loading=\"lazy\" title=\"Frente frio es el causante de las lluvias intermitentes\" width=\"640\" height=\"360\" src=\"https:\/\/www.youtube.com\/embed\/h8FmLFh63cY?feature=oembed\" frameborder=\"0\" allow=\"accelerometer; autoplay; clipboard-write; encrypted-media; gyroscope; picture-in-picture; web-share\" referrerpolicy=\"strict-origin-when-cross-origin\" allowfullscreen><\/iframe><\/p>\n<p>En los pr\u00f3ximos d\u00edas se tendr\u00e1 mucha nubosidad por la presencia de este frente fr\u00edo, durante el mi\u00e9rcoles y jueves se tendr\u00e1n nublados totales en horas de la tarde y ma\u00f1anas, durante las noches y madrugadas se sentir\u00e1n los descensos de temperatura, y a finales de la semana se tendr\u00e1n las condiciones clim\u00e1ticas t\u00edpicas como d\u00edas soleados y el clima de la temporada del verano.<\/p>\n<p style=\"text-align: center;\"><iframe loading=\"lazy\" style=\"border: none; overflow: hidden;\" src=\"https:\/\/www.facebook.com\/plugins\/post.php?href=https%3A%2F%2Fwww.facebook.com%2Fpermalink.php%3Fstory_fbid%3Dpfbid02xmmpLUjZL5JrQvrWDWgyHQG5EXtuaRH7iUTzUeQrZJ42jz3UU4gKhfffR4CHe4ckl%26id%3D100083158940816&amp;show_text=true&amp;width=500\" width=\"500\" height=\"525\" frameborder=\"0\" scrolling=\"no\" allowfullscreen=\"allowfullscreen\"><\/iframe><\/p>\n","protected":false},"excerpt":{"rendered":"<p>Respecto a las condiciones clim\u00e1ticas que se estar\u00e1n presentando durante esta semana, el pasado lunes ingres\u00f3 al territorio nacional el frente fr\u00edo n\u00famero 14, este es el causante de que en horas de la ma\u00f1ana de este martes se hicieran presentes algunas lluvias intermitentes de leves a moderadas, seg\u00fan lo dio a conocer el Ing. Cristian Estrada delegado de la CONRED. MIRA: Jalapanecos, seamos amables con las personas que nos visitar\u00e1n para semana santa As\u00ed mismo, en la parte nororiente, en los departamentos de Chiquimula y Zacapa se reportaron lluvias&hellip;<\/p>\n","protected":false},"author":2,"featured_media":29990,"comment_status":"open","ping_status":"open","sticky":false,"template":"","format":"standard","meta":{"footnotes":""},"categories":[3],"tags":[11394,11395],"class_list":["post-29997","post","type-post","status-publish","format-standard","has-post-thumbnail","hentry","category-locales","tag-frente-frio-es-el-causante-de-las","tag-lluvias-intermitentes"],"gutentor_comment":0,"_links":{"self":[{"href":"https:\/\/www.notijalapa.net\/noticias\/wp-json\/wp\/v2\/posts\/29997","targetHints":{"allow":["GET"]}}],"collection":[{"href":"https:\/\/www.notijalapa.net\/noticias\/wp-json\/wp\/v2\/posts"}],"about":[{"href":"https:\/\/www.notijalapa.net\/noticias\/wp-json\/wp\/v2\/types\/post"}],"author":[{"embeddable":true,"href":"https:\/\/www.notijalapa.net\/noticias\/wp-json\/wp\/v2\/users\/2"}],"replies":[{"embeddable":true,"href":"https:\/\/www.notijalapa.net\/noticias\/wp-json\/wp\/v2\/comments?post=29997"}],"version-history":[{"count":2,"href":"https:\/\/www.notijalapa.net\/noticias\/wp-json\/wp\/v2\/posts\/29997\/revisions"}],"predecessor-version":[{"id":30006,"href":"https:\/\/www.notijalapa.net\/noticias\/wp-json\/wp\/v2\/posts\/29997\/revisions\/30006"}],"wp:featuredmedia":[{"embeddable":true,"href":"https:\/\/www.notijalapa.net\/noticias\/wp-json\/wp\/v2\/media\/29990"}],"wp:attachment":[{"href":"https:\/\/www.notijalapa.net\/noticias\/wp-json\/wp\/v2\/media?parent=29997"}],"wp:term":[{"taxonomy":"category","embeddable":true,"href":"https:\/\/www.notijalapa.net\/noticias\/wp-json\/wp\/v2\/categories?post=29997"},{"taxonomy":"post_tag","embeddable":true,"href":"https:\/\/www.notijalapa.net\/noticias\/wp-json\/wp\/v2\/tags?post=29997"}],"curies":[{"name":"wp","href":"https:\/\/api.w.org\/{rel}","templated":true}]}}