{"id":29672,"date":"2026-02-27T10:56:32","date_gmt":"2026-02-27T10:56:32","guid":{"rendered":"https:\/\/www.notijalapa.net\/noticias\/?p=29672"},"modified":"2026-02-27T11:19:56","modified_gmt":"2026-02-27T11:19:56","slug":"es-la-pgn-la-que-se-opone-al-aumento-salarial-de-empleados-de-salud","status":"publish","type":"post","link":"https:\/\/www.notijalapa.net\/noticias\/2026\/02\/27\/es-la-pgn-la-que-se-opone-al-aumento-salarial-de-empleados-de-salud\/","title":{"rendered":"Es la PGN la que se opone al aumento salarial de empleados de salud"},"content":{"rendered":"<p>Estar\u00e1n exigi\u00e9ndole a la PGN que deje en paz el pacto colectivo, ya que han metido antejuicios sobre el pacto para que no se d\u00e9 el aumento del 2024-2025, pero ha sobrevivido el pacto porque ya han pasado tres juzgados y los han favorecido, seg\u00fan lo manifest\u00f3 Am\u00edlcar Alay secretario general del Sindicato Frente Nacional de Lucha.<\/p>\n<p><a href=\"https:\/\/www.notijalapa.net\/noticias\/2026\/02\/27\/cual-es-la-importancia-de-registrar-su-marca-empresarial-o-artistica\/\">MIRA: \u00bfCu\u00e1l es la importancia de registrar su marca empresarial o art\u00edstica?<\/a><\/p>\n<p>Solamente est\u00e1n a la espera que, la corte d\u00e9 definitivamente una decisi\u00f3n favorable para todos los trabajadores, es por eso que, estar\u00e1n realizando una visita a todas las delegaciones a nivel nacional de la Procuradur\u00eda General de la Naci\u00f3n para que deje de estar molestando el pacto colectivo porque ellos como garantes de la naci\u00f3n tienen que velar para un beneficio de los trabajadores y de la poblaci\u00f3n.<\/p>\n<p><iframe loading=\"lazy\" title=\"Es la PGN la que se opone al aumento salarial de empleados de salud\" width=\"640\" height=\"360\" src=\"https:\/\/www.youtube.com\/embed\/ip2i-wTPaQQ?feature=oembed\" frameborder=\"0\" allow=\"accelerometer; autoplay; clipboard-write; encrypted-media; gyroscope; picture-in-picture; web-share\" referrerpolicy=\"strict-origin-when-cross-origin\" allowfullscreen><\/iframe><\/p>\n<p>El pacto colectivo es, una lucha que se ha ganado a trav\u00e9s de un juzgado que ha dado una orden para que sea efectivo el aumento para todos los trabajadores, esto les viene a favorecer porque es un aumento retroactivo que ser\u00e1 del 2024 y 2025, un beneficio para los empleados presupuestados en el rengl\u00f3n 011 y por contrato que tendr\u00e1n derecho a este aumento de 2 mil quetzales mensuales.<\/p>\n<p style=\"text-align: center;\"><iframe loading=\"lazy\" style=\"border: none; overflow: hidden;\" src=\"https:\/\/www.facebook.com\/plugins\/post.php?href=https%3A%2F%2Fwww.facebook.com%2Fpermalink.php%3Fstory_fbid%3Dpfbid0i7zvtdQjHjCLbbje2tEDjRzqaq5bWstWNNQcV78yb2bgi1g3m6D7vcdYsd6HjbxNl%26id%3D100083158940816&amp;show_text=true&amp;width=500\" width=\"500\" height=\"794\" frameborder=\"0\" scrolling=\"no\" allowfullscreen=\"allowfullscreen\"><\/iframe><\/p>\n","protected":false},"excerpt":{"rendered":"<p>Estar\u00e1n exigi\u00e9ndole a la PGN que deje en paz el pacto colectivo, ya que han metido antejuicios sobre el pacto para que no se d\u00e9 el aumento del 2024-2025, pero ha sobrevivido el pacto porque ya han pasado tres juzgados y los han favorecido, seg\u00fan lo manifest\u00f3 Am\u00edlcar Alay secretario general del Sindicato Frente Nacional de Lucha. MIRA: \u00bfCu\u00e1l es la importancia de registrar su marca empresarial o art\u00edstica? Solamente est\u00e1n a la espera que, la corte d\u00e9 definitivamente una decisi\u00f3n favorable para todos los trabajadores, es por eso que,&hellip;<\/p>\n","protected":false},"author":2,"featured_media":29673,"comment_status":"open","ping_status":"open","sticky":false,"template":"","format":"standard","meta":{"footnotes":""},"categories":[3],"tags":[11240,11241],"class_list":["post-29672","post","type-post","status-publish","format-standard","has-post-thumbnail","hentry","category-locales","tag-es-la-pgn-la-que-se-opone-al-aumento","tag-salarial-de-empleados-de-salud"],"gutentor_comment":0,"_links":{"self":[{"href":"https:\/\/www.notijalapa.net\/noticias\/wp-json\/wp\/v2\/posts\/29672","targetHints":{"allow":["GET"]}}],"collection":[{"href":"https:\/\/www.notijalapa.net\/noticias\/wp-json\/wp\/v2\/posts"}],"about":[{"href":"https:\/\/www.notijalapa.net\/noticias\/wp-json\/wp\/v2\/types\/post"}],"author":[{"embeddable":true,"href":"https:\/\/www.notijalapa.net\/noticias\/wp-json\/wp\/v2\/users\/2"}],"replies":[{"embeddable":true,"href":"https:\/\/www.notijalapa.net\/noticias\/wp-json\/wp\/v2\/comments?post=29672"}],"version-history":[{"count":2,"href":"https:\/\/www.notijalapa.net\/noticias\/wp-json\/wp\/v2\/posts\/29672\/revisions"}],"predecessor-version":[{"id":29694,"href":"https:\/\/www.notijalapa.net\/noticias\/wp-json\/wp\/v2\/posts\/29672\/revisions\/29694"}],"wp:featuredmedia":[{"embeddable":true,"href":"https:\/\/www.notijalapa.net\/noticias\/wp-json\/wp\/v2\/media\/29673"}],"wp:attachment":[{"href":"https:\/\/www.notijalapa.net\/noticias\/wp-json\/wp\/v2\/media?parent=29672"}],"wp:term":[{"taxonomy":"category","embeddable":true,"href":"https:\/\/www.notijalapa.net\/noticias\/wp-json\/wp\/v2\/categories?post=29672"},{"taxonomy":"post_tag","embeddable":true,"href":"https:\/\/www.notijalapa.net\/noticias\/wp-json\/wp\/v2\/tags?post=29672"}],"curies":[{"name":"wp","href":"https:\/\/api.w.org\/{rel}","templated":true}]}}