{"id":29439,"date":"2026-02-14T13:08:53","date_gmt":"2026-02-14T13:08:53","guid":{"rendered":"https:\/\/www.notijalapa.net\/noticias\/?p=29439"},"modified":"2026-02-14T13:42:26","modified_gmt":"2026-02-14T13:42:26","slug":"afinando-detalles-para-las-actividades-de-cuaresma","status":"publish","type":"post","link":"https:\/\/www.notijalapa.net\/noticias\/2026\/02\/14\/afinando-detalles-para-las-actividades-de-cuaresma\/","title":{"rendered":"Afinando detalles para las actividades de cuaresma"},"content":{"rendered":"<p>En estos momentos como parroquia est\u00e1n en la organizaci\u00f3n de la cuaresma y semana santa, ya est\u00e1 lista la programaci\u00f3n solamente organizando algunas cuestiones de log\u00edstica con algunas instituciones que siempre los han apoyado, seg\u00fan lo dio a conocer Edgar L\u00f3pez vicepresidente de La Hermandad de la Parroquia Nuestra Se\u00f1ora del Carmen.<\/p>\n<p><a href=\"https:\/\/www.notijalapa.net\/noticias\/2026\/02\/14\/todo-listo-para-el-simulacro-de-terremoto\/\">MIRA: Todo listo para el simulacro de terremoto<\/a><\/p>\n<p>El pr\u00f3ximo 18 de febrero se inicia con el mi\u00e9rcoles de ceniza, despu\u00e9s el primer viernes de cuaresma, el primer viacrucis y el recorrido procesional y todos los dem\u00e1s viernes con las actividades programadas.<\/p>\n<p><iframe loading=\"lazy\" title=\"Afinando detalles para las actividades de cuaresma\" width=\"640\" height=\"360\" src=\"https:\/\/www.youtube.com\/embed\/n4DpDwJ-C-M?feature=oembed\" frameborder=\"0\" allow=\"accelerometer; autoplay; clipboard-write; encrypted-media; gyroscope; picture-in-picture; web-share\" referrerpolicy=\"strict-origin-when-cross-origin\" allowfullscreen><\/iframe><\/p>\n<p>En realidad, el estado de sitio no afecta ninguna actividad religiosa, por lo que hace la cordial invitaci\u00f3n a toda la poblaci\u00f3n jalapaneca cat\u00f3lica, para que los acompa\u00f1en a los recorridos procesionales y a todas las actividades programadas para conmemorar este acontecimiento que la iglesia siempre realiza en la semana santa recordando la pasi\u00f3n, muerte y resurrecci\u00f3n de Jesucristo.<\/p>\n<p style=\"text-align: center;\"><iframe loading=\"lazy\" style=\"border: none; overflow: hidden;\" src=\"https:\/\/www.facebook.com\/plugins\/post.php?href=https%3A%2F%2Fwww.facebook.com%2Fpermalink.php%3Fstory_fbid%3Dpfbid02QqLHViR1Dsg5LpUqrDjQDhGnpxQbyCncFz4vtXg8WUz7BVKYgfDPChmiNMDoTWGul%26id%3D100083158940816&amp;show_text=true&amp;width=500\" width=\"500\" height=\"755\" frameborder=\"0\" scrolling=\"no\" allowfullscreen=\"allowfullscreen\"><\/iframe><\/p>\n","protected":false},"excerpt":{"rendered":"<p>En estos momentos como parroquia est\u00e1n en la organizaci\u00f3n de la cuaresma y semana santa, ya est\u00e1 lista la programaci\u00f3n solamente organizando algunas cuestiones de log\u00edstica con algunas instituciones que siempre los han apoyado, seg\u00fan lo dio a conocer Edgar L\u00f3pez vicepresidente de La Hermandad de la Parroquia Nuestra Se\u00f1ora del Carmen. MIRA: Todo listo para el simulacro de terremoto El pr\u00f3ximo 18 de febrero se inicia con el mi\u00e9rcoles de ceniza, despu\u00e9s el primer viernes de cuaresma, el primer viacrucis y el recorrido procesional y todos los dem\u00e1s viernes&hellip;<\/p>\n","protected":false},"author":2,"featured_media":29434,"comment_status":"open","ping_status":"open","sticky":false,"template":"","format":"standard","meta":{"footnotes":""},"categories":[3],"tags":[11135,11134],"class_list":["post-29439","post","type-post","status-publish","format-standard","has-post-thumbnail","hentry","category-locales","tag-actividades-de-cuaresma","tag-afinando-detalles-para-las"],"gutentor_comment":0,"_links":{"self":[{"href":"https:\/\/www.notijalapa.net\/noticias\/wp-json\/wp\/v2\/posts\/29439","targetHints":{"allow":["GET"]}}],"collection":[{"href":"https:\/\/www.notijalapa.net\/noticias\/wp-json\/wp\/v2\/posts"}],"about":[{"href":"https:\/\/www.notijalapa.net\/noticias\/wp-json\/wp\/v2\/types\/post"}],"author":[{"embeddable":true,"href":"https:\/\/www.notijalapa.net\/noticias\/wp-json\/wp\/v2\/users\/2"}],"replies":[{"embeddable":true,"href":"https:\/\/www.notijalapa.net\/noticias\/wp-json\/wp\/v2\/comments?post=29439"}],"version-history":[{"count":2,"href":"https:\/\/www.notijalapa.net\/noticias\/wp-json\/wp\/v2\/posts\/29439\/revisions"}],"predecessor-version":[{"id":29454,"href":"https:\/\/www.notijalapa.net\/noticias\/wp-json\/wp\/v2\/posts\/29439\/revisions\/29454"}],"wp:featuredmedia":[{"embeddable":true,"href":"https:\/\/www.notijalapa.net\/noticias\/wp-json\/wp\/v2\/media\/29434"}],"wp:attachment":[{"href":"https:\/\/www.notijalapa.net\/noticias\/wp-json\/wp\/v2\/media?parent=29439"}],"wp:term":[{"taxonomy":"category","embeddable":true,"href":"https:\/\/www.notijalapa.net\/noticias\/wp-json\/wp\/v2\/categories?post=29439"},{"taxonomy":"post_tag","embeddable":true,"href":"https:\/\/www.notijalapa.net\/noticias\/wp-json\/wp\/v2\/tags?post=29439"}],"curies":[{"name":"wp","href":"https:\/\/api.w.org\/{rel}","templated":true}]}}