{"id":29111,"date":"2026-01-27T13:16:51","date_gmt":"2026-01-27T13:16:51","guid":{"rendered":"https:\/\/www.notijalapa.net\/noticias\/?p=29111"},"modified":"2026-01-27T13:32:52","modified_gmt":"2026-01-27T13:32:52","slug":"en-el-instituto-experimental-funcionaran-tres-centros-educativos","status":"publish","type":"post","link":"https:\/\/www.notijalapa.net\/noticias\/2026\/01\/27\/en-el-instituto-experimental-funcionaran-tres-centros-educativos\/","title":{"rendered":"En el Instituto Experimental funcionar\u00e1n tres centros educativos"},"content":{"rendered":"<p>Ahora en el Instituto Experimental hay tres establecimientos que son p\u00fablicos, uno es el de b\u00e1sico que es el instituto conocido por a\u00f1os de servicio, los otros dos son de diversificado, uno tiene la jornada doble que es plan diario y el otro que iniciar\u00e1 a funcionar a partir de este a\u00f1o los fines de semana, seg\u00fan lo dio a conocer Marco Antonio Estrada director del Instituto Experimental.<\/p>\n<p><a href=\"https:\/\/www.notijalapa.net\/noticias\/2026\/01\/27\/mujer-capturada-es-sindicada-de-agresion-sexual-contra-un-menor\/\">MIRA: Mujer capturada es sindicada de agresi\u00f3n sexual contra un menor<\/a><\/p>\n<p>Cada establecimiento tiene su director y se han puesto de acuerdo este a\u00f1o para establecer las aulas que van a utilizar, siempre lo hacen a inicios de a\u00f1os para saber qu\u00e9 aulas ocupar\u00e1n en cada jornada y tambi\u00e9n ya les asignaron una oficina para que pueda funcionar la direcci\u00f3n de estos establecimientos.<\/p>\n<p><iframe loading=\"lazy\" title=\"En el Instituto Experimental funcionar\u00e1n tres centros educativos\" width=\"640\" height=\"360\" src=\"https:\/\/www.youtube.com\/embed\/kk8lcPXWIEw?feature=oembed\" frameborder=\"0\" allow=\"accelerometer; autoplay; clipboard-write; encrypted-media; gyroscope; picture-in-picture; web-share\" referrerpolicy=\"strict-origin-when-cross-origin\" allowfullscreen><\/iframe><\/p>\n<p>El cuidado lo han ido estableciendo a trav\u00e9s de las actas que ellos realizan para empezar a trabajar, principalmente los ba\u00f1os es lo que m\u00e1s se utiliza y las aulas, que son las que deben de tener mayor cuidado y estar\u00e1n monitoreando para que cuando haya alg\u00fan desperfecto se pongan de acuerdo los directores y se puedan arreglar lo m\u00e1s pronto posible.<\/p>\n<p style=\"text-align: center;\"><iframe loading=\"lazy\" style=\"border: none; overflow: hidden;\" src=\"https:\/\/www.facebook.com\/plugins\/post.php?href=https%3A%2F%2Fwww.facebook.com%2Fpermalink.php%3Fstory_fbid%3Dpfbid02FUSUZqv1zJxP6EDkUkPPiz8RFmyN7Cg8eD1LyVfHdA9ZHfiBGQnZFbt8kXNpvqSNl%26id%3D100083158940816&amp;show_text=true&amp;width=500\" width=\"500\" height=\"506\" frameborder=\"0\" scrolling=\"no\" allowfullscreen=\"allowfullscreen\"><\/iframe><\/p>\n","protected":false},"excerpt":{"rendered":"<p>Ahora en el Instituto Experimental hay tres establecimientos que son p\u00fablicos, uno es el de b\u00e1sico que es el instituto conocido por a\u00f1os de servicio, los otros dos son de diversificado, uno tiene la jornada doble que es plan diario y el otro que iniciar\u00e1 a funcionar a partir de este a\u00f1o los fines de semana, seg\u00fan lo dio a conocer Marco Antonio Estrada director del Instituto Experimental. MIRA: Mujer capturada es sindicada de agresi\u00f3n sexual contra un menor Cada establecimiento tiene su director y se han puesto de acuerdo&hellip;<\/p>\n","protected":false},"author":2,"featured_media":29104,"comment_status":"open","ping_status":"open","sticky":false,"template":"","format":"standard","meta":{"footnotes":""},"categories":[3],"tags":[4688,10985],"class_list":["post-29111","post","type-post","status-publish","format-standard","has-post-thumbnail","hentry","category-locales","tag-en-el-instituto-experimental","tag-funcionaran-tres-centros-educativos"],"gutentor_comment":0,"_links":{"self":[{"href":"https:\/\/www.notijalapa.net\/noticias\/wp-json\/wp\/v2\/posts\/29111","targetHints":{"allow":["GET"]}}],"collection":[{"href":"https:\/\/www.notijalapa.net\/noticias\/wp-json\/wp\/v2\/posts"}],"about":[{"href":"https:\/\/www.notijalapa.net\/noticias\/wp-json\/wp\/v2\/types\/post"}],"author":[{"embeddable":true,"href":"https:\/\/www.notijalapa.net\/noticias\/wp-json\/wp\/v2\/users\/2"}],"replies":[{"embeddable":true,"href":"https:\/\/www.notijalapa.net\/noticias\/wp-json\/wp\/v2\/comments?post=29111"}],"version-history":[{"count":2,"href":"https:\/\/www.notijalapa.net\/noticias\/wp-json\/wp\/v2\/posts\/29111\/revisions"}],"predecessor-version":[{"id":29120,"href":"https:\/\/www.notijalapa.net\/noticias\/wp-json\/wp\/v2\/posts\/29111\/revisions\/29120"}],"wp:featuredmedia":[{"embeddable":true,"href":"https:\/\/www.notijalapa.net\/noticias\/wp-json\/wp\/v2\/media\/29104"}],"wp:attachment":[{"href":"https:\/\/www.notijalapa.net\/noticias\/wp-json\/wp\/v2\/media?parent=29111"}],"wp:term":[{"taxonomy":"category","embeddable":true,"href":"https:\/\/www.notijalapa.net\/noticias\/wp-json\/wp\/v2\/categories?post=29111"},{"taxonomy":"post_tag","embeddable":true,"href":"https:\/\/www.notijalapa.net\/noticias\/wp-json\/wp\/v2\/tags?post=29111"}],"curies":[{"name":"wp","href":"https:\/\/api.w.org\/{rel}","templated":true}]}}