{"id":29033,"date":"2026-01-22T10:52:43","date_gmt":"2026-01-22T10:52:43","guid":{"rendered":"https:\/\/www.notijalapa.net\/noticias\/?p=29033"},"modified":"2026-01-22T11:12:11","modified_gmt":"2026-01-22T11:12:11","slug":"todo-listo-para-iniciar-el-ciclo-escolar-2026","status":"publish","type":"post","link":"https:\/\/www.notijalapa.net\/noticias\/2026\/01\/22\/todo-listo-para-iniciar-el-ciclo-escolar-2026\/","title":{"rendered":"Todo listo para iniciar el ciclo escolar 2026"},"content":{"rendered":"<p>Trabajan en la presentaci\u00f3n de los docentes y directores en los centros educativos que se realizar\u00e1 el d\u00eda 27 de enero y con respecto al inicio de las clases ser\u00eda el d\u00eda 2 de febrero para el sector p\u00fablico, seg\u00fan lo dio a conocer la Licda. Mar\u00eda Aracely Figueroa Directora Departamental de Educaci\u00f3n.<\/p>\n<p><a href=\"https:\/\/www.notijalapa.net\/noticias\/2026\/01\/22\/este-ano-continuan-buscando-la-inclusion-de-las-personas-con-discapacidad\/\">MIRA: Este a\u00f1o contin\u00faan buscando la inclusi\u00f3n de las personas con discapacidad<\/a><\/p>\n<p>Tienen previstas muchas situaciones, pero lo que se pretende es, favorecer la educaci\u00f3n de los ni\u00f1os en el departamento de Jalapa, tema de calidad lo que corresponde a la apertura o creaci\u00f3n de 18 centros educativos que estar\u00e1n funcionando en el departamento.<\/p>\n<p><iframe loading=\"lazy\" title=\"Todo listo para iniciar el ciclo escolar 2026\" width=\"640\" height=\"360\" src=\"https:\/\/www.youtube.com\/embed\/P5bbEZ68-XU?feature=oembed\" frameborder=\"0\" allow=\"accelerometer; autoplay; clipboard-write; encrypted-media; gyroscope; picture-in-picture; web-share\" referrerpolicy=\"strict-origin-when-cross-origin\" allowfullscreen><\/iframe><\/p>\n<p>Se tienen 11 que corresponden al nivel medio y el resto corresponden a los niveles preprimario y primario. Tienen una cantidad considerable de docentes, se tienen nuevas contrataciones y el prop\u00f3sito es brindar la atenci\u00f3n que merecen los estudiantes en el departamento.<\/p>\n<p style=\"text-align: center;\"><iframe loading=\"lazy\" style=\"border: none; overflow: hidden;\" src=\"https:\/\/www.facebook.com\/plugins\/post.php?href=https%3A%2F%2Fwww.facebook.com%2Fpermalink.php%3Fstory_fbid%3Dpfbid059CgYP76aTcUKBkb6ZeGKXTvYAGodDd8tX2WWqZANoMK2WBxf6dbjSQ1DrQta6cKl%26id%3D100083158940816&amp;show_text=true&amp;width=500\" width=\"500\" height=\"774\" frameborder=\"0\" scrolling=\"no\" allowfullscreen=\"allowfullscreen\"><\/iframe><\/p>\n","protected":false},"excerpt":{"rendered":"<p>Trabajan en la presentaci\u00f3n de los docentes y directores en los centros educativos que se realizar\u00e1 el d\u00eda 27 de enero y con respecto al inicio de las clases ser\u00eda el d\u00eda 2 de febrero para el sector p\u00fablico, seg\u00fan lo dio a conocer la Licda. Mar\u00eda Aracely Figueroa Directora Departamental de Educaci\u00f3n. MIRA: Este a\u00f1o contin\u00faan buscando la inclusi\u00f3n de las personas con discapacidad Tienen previstas muchas situaciones, pero lo que se pretende es, favorecer la educaci\u00f3n de los ni\u00f1os en el departamento de Jalapa, tema de calidad lo&hellip;<\/p>\n","protected":false},"author":2,"featured_media":29028,"comment_status":"open","ping_status":"open","sticky":false,"template":"","format":"standard","meta":{"footnotes":""},"categories":[3],"tags":[10951,10950],"class_list":["post-29033","post","type-post","status-publish","format-standard","has-post-thumbnail","hentry","category-locales","tag-el-ciclo-escolar-2026","tag-todo-listo-para-iniciar"],"gutentor_comment":0,"_links":{"self":[{"href":"https:\/\/www.notijalapa.net\/noticias\/wp-json\/wp\/v2\/posts\/29033","targetHints":{"allow":["GET"]}}],"collection":[{"href":"https:\/\/www.notijalapa.net\/noticias\/wp-json\/wp\/v2\/posts"}],"about":[{"href":"https:\/\/www.notijalapa.net\/noticias\/wp-json\/wp\/v2\/types\/post"}],"author":[{"embeddable":true,"href":"https:\/\/www.notijalapa.net\/noticias\/wp-json\/wp\/v2\/users\/2"}],"replies":[{"embeddable":true,"href":"https:\/\/www.notijalapa.net\/noticias\/wp-json\/wp\/v2\/comments?post=29033"}],"version-history":[{"count":2,"href":"https:\/\/www.notijalapa.net\/noticias\/wp-json\/wp\/v2\/posts\/29033\/revisions"}],"predecessor-version":[{"id":29048,"href":"https:\/\/www.notijalapa.net\/noticias\/wp-json\/wp\/v2\/posts\/29033\/revisions\/29048"}],"wp:featuredmedia":[{"embeddable":true,"href":"https:\/\/www.notijalapa.net\/noticias\/wp-json\/wp\/v2\/media\/29028"}],"wp:attachment":[{"href":"https:\/\/www.notijalapa.net\/noticias\/wp-json\/wp\/v2\/media?parent=29033"}],"wp:term":[{"taxonomy":"category","embeddable":true,"href":"https:\/\/www.notijalapa.net\/noticias\/wp-json\/wp\/v2\/categories?post=29033"},{"taxonomy":"post_tag","embeddable":true,"href":"https:\/\/www.notijalapa.net\/noticias\/wp-json\/wp\/v2\/tags?post=29033"}],"curies":[{"name":"wp","href":"https:\/\/api.w.org\/{rel}","templated":true}]}}