{"id":28930,"date":"2026-01-16T10:52:11","date_gmt":"2026-01-16T10:52:11","guid":{"rendered":"https:\/\/www.notijalapa.net\/noticias\/?p=28930"},"modified":"2026-01-16T11:13:27","modified_gmt":"2026-01-16T11:13:27","slug":"estan-esperando-haber-que-pasa-con-el-presupuesto-de-este-ano-para-las-obras-de-codede","status":"publish","type":"post","link":"https:\/\/www.notijalapa.net\/noticias\/2026\/01\/16\/estan-esperando-haber-que-pasa-con-el-presupuesto-de-este-ano-para-las-obras-de-codede\/","title":{"rendered":"Est\u00e1n esperando haber que pasa con el presupuesto de este a\u00f1o para las obras de CODEDE"},"content":{"rendered":"<p>Hasta el momento ellos est\u00e1n en un proceso de espera, \u00bfQu\u00e9 pas\u00f3? el presupuesto entrar\u00eda en vigencia para el 1 de enero, pero la corte de constitucionalidad de manera extra\u00f1a se reuni\u00f3 hasta el 30 de diciembre, un d\u00eda antes de que el presupuesto entrara en vigencia y se bot\u00f3 el presupuesto, seg\u00fan lo dio a conocer el Lic. Jairo Rodr\u00edguez delegado de SEGEPLAN.<\/p>\n<p><a href=\"https:\/\/www.notijalapa.net\/noticias\/2026\/01\/16\/confirmaron-corredores-de-otros-departamentos-y-de-otros-paises-para-ir-a-esquipulas\/\">MIRA: Confirmaron corredores de otros departamentos y de otros pa\u00edses para ir a Esquipulas<\/a><\/p>\n<p>A ellos no les afecta en lo personal, pero les parece muy raro porque tuvieron mucho tiempo para botarlo y lo hicieron a \u00faltima hora, eso lo ve un poco extra\u00f1o, hay muchos intereses y los Consejos de Desarrollo fueron los m\u00e1s perjudicados. El departamento de Jalapa iba a tener 143 millones ordinarios y 235 millones extraordinarios, resultando que de la nada botan el presupuesto y como la ley dice que se respeta ese amparo.<\/p>\n<p><iframe loading=\"lazy\" title=\"Est\u00e1n esperando haber que pasa con el presupuesto de este a\u00f1o para las obras de CODEDE\" width=\"640\" height=\"360\" src=\"https:\/\/www.youtube.com\/embed\/VC2d0RTTZ0E?feature=oembed\" frameborder=\"0\" allow=\"accelerometer; autoplay; clipboard-write; encrypted-media; gyroscope; picture-in-picture; web-share\" referrerpolicy=\"strict-origin-when-cross-origin\" allowfullscreen><\/iframe><\/p>\n<p>Lo extra\u00f1o no fue que lo hayan botado, sino que es el d\u00eda en el que lo hicieron, \u00bfPor qu\u00e9 no lo hicieron antes? Pero recordemos que, esa corte ya va para afuera y ha hecho muchas cosas que como ciudadanos nos quedamos asustados. Al pasar el amparo autom\u00e1ticamente el primer d\u00eda del a\u00f1o queda vigente el presupuesto del a\u00f1o anterior, cosa que da lo mismo, de los 143 baja a 137 millones ordinarios y de los 235 a 135 extraordinarios que hab\u00edan quedado del a\u00f1o anterior.<\/p>\n<p>Se est\u00e1 a la espera de ver como se estar\u00e1 distribuyendo el presupuesto en el departamento de Jalapa, porque seg\u00fan tiene entendido el Congreso har\u00e1 una readecuaci\u00f3n del presupuesto de los Consejos de Desarrollo, en donde est\u00e1 el objetivo principal de muchos porque es uno de los fondos en el que le ponen un gran \u00e9nfasis y ve que en ese fondo hay bastantes intereses, solamente queda esperar a que pase algo m\u00e1s.<\/p>\n<p style=\"text-align: center;\"><iframe loading=\"lazy\" style=\"border: none; overflow: hidden;\" src=\"https:\/\/www.facebook.com\/plugins\/post.php?href=https%3A%2F%2Fwww.facebook.com%2Fpermalink.php%3Fstory_fbid%3Dpfbid03vsHyDaXqBurP8dt3mf6y9eoBFonpFdR8uCxtDcdXRMzUF7S9zyvB5FTEtToFFdJl%26id%3D100083158940816&amp;show_text=true&amp;width=500\" width=\"500\" height=\"774\" frameborder=\"0\" scrolling=\"no\" allowfullscreen=\"allowfullscreen\"><\/iframe><\/p>\n","protected":false},"excerpt":{"rendered":"<p>Hasta el momento ellos est\u00e1n en un proceso de espera, \u00bfQu\u00e9 pas\u00f3? el presupuesto entrar\u00eda en vigencia para el 1 de enero, pero la corte de constitucionalidad de manera extra\u00f1a se reuni\u00f3 hasta el 30 de diciembre, un d\u00eda antes de que el presupuesto entrara en vigencia y se bot\u00f3 el presupuesto, seg\u00fan lo dio a conocer el Lic. Jairo Rodr\u00edguez delegado de SEGEPLAN. MIRA: Confirmaron corredores de otros departamentos y de otros pa\u00edses para ir a Esquipulas A ellos no les afecta en lo personal, pero les parece muy&hellip;<\/p>\n","protected":false},"author":2,"featured_media":28931,"comment_status":"open","ping_status":"open","sticky":false,"template":"","format":"standard","meta":{"footnotes":""},"categories":[3],"tags":[10902,10901],"class_list":["post-28930","post","type-post","status-publish","format-standard","has-post-thumbnail","hentry","category-locales","tag-de-este-ano-para-las-obras-de-codede","tag-estan-esperando-haber-que-pasa-con-el-presupuesto"],"gutentor_comment":0,"_links":{"self":[{"href":"https:\/\/www.notijalapa.net\/noticias\/wp-json\/wp\/v2\/posts\/28930","targetHints":{"allow":["GET"]}}],"collection":[{"href":"https:\/\/www.notijalapa.net\/noticias\/wp-json\/wp\/v2\/posts"}],"about":[{"href":"https:\/\/www.notijalapa.net\/noticias\/wp-json\/wp\/v2\/types\/post"}],"author":[{"embeddable":true,"href":"https:\/\/www.notijalapa.net\/noticias\/wp-json\/wp\/v2\/users\/2"}],"replies":[{"embeddable":true,"href":"https:\/\/www.notijalapa.net\/noticias\/wp-json\/wp\/v2\/comments?post=28930"}],"version-history":[{"count":2,"href":"https:\/\/www.notijalapa.net\/noticias\/wp-json\/wp\/v2\/posts\/28930\/revisions"}],"predecessor-version":[{"id":28953,"href":"https:\/\/www.notijalapa.net\/noticias\/wp-json\/wp\/v2\/posts\/28930\/revisions\/28953"}],"wp:featuredmedia":[{"embeddable":true,"href":"https:\/\/www.notijalapa.net\/noticias\/wp-json\/wp\/v2\/media\/28931"}],"wp:attachment":[{"href":"https:\/\/www.notijalapa.net\/noticias\/wp-json\/wp\/v2\/media?parent=28930"}],"wp:term":[{"taxonomy":"category","embeddable":true,"href":"https:\/\/www.notijalapa.net\/noticias\/wp-json\/wp\/v2\/categories?post=28930"},{"taxonomy":"post_tag","embeddable":true,"href":"https:\/\/www.notijalapa.net\/noticias\/wp-json\/wp\/v2\/tags?post=28930"}],"curies":[{"name":"wp","href":"https:\/\/api.w.org\/{rel}","templated":true}]}}