{"id":28812,"date":"2026-01-09T10:54:08","date_gmt":"2026-01-09T10:54:08","guid":{"rendered":"https:\/\/www.notijalapa.net\/noticias\/?p=28812"},"modified":"2026-01-09T11:13:01","modified_gmt":"2026-01-09T11:13:01","slug":"esperan-coordinar-con-otras-instituciones-el-trabajo-en-pro-de-las-mujeres","status":"publish","type":"post","link":"https:\/\/www.notijalapa.net\/noticias\/2026\/01\/09\/esperan-coordinar-con-otras-instituciones-el-trabajo-en-pro-de-las-mujeres\/","title":{"rendered":"Esperan coordinar con otras instituciones el trabajo en pro de las mujeres"},"content":{"rendered":"<p>En este caso han tenido el acompa\u00f1amiento de la UPCV y SVET en donde han trabajado el tema de mujeres, para este a\u00f1o est\u00e1n a la espera de las planificaciones de estas dos instituciones para participar y tener un proceso en donde las unidades de diferentes instituciones trabajen en voz de las mujeres, seg\u00fan lo dio a conocer Vilma Yaneth Hern\u00e1ndez encargada de Oficina Nacional de la Mujer.<\/p>\n<p><a href=\"https:\/\/www.notijalapa.net\/noticias\/2026\/01\/09\/mas-de-mil-mujeres-fueron-capacitadas-el-ano-pasado\/\">MIRA: M\u00e1s de mil mujeres fueron capacitadas el a\u00f1o pasado<\/a><\/p>\n<p>En el 2025 se tuvo cobertura a trav\u00e9s de las diferentes planificaciones que se hacen en las instituciones, han tenido participaci\u00f3n en talleres, el a\u00f1o pasado tuvieron una participaci\u00f3n con todas las instituciones, se dirigieron a un municipio en espec\u00edfico, focalizaron una aldea en donde se tienen datos estad\u00edsticos de violencia.<\/p>\n<p><iframe loading=\"lazy\" title=\"Esperan coordinar con otras instituciones el trabajo en pro de las mujeres\" width=\"640\" height=\"360\" src=\"https:\/\/www.youtube.com\/embed\/_kftf6PWf_E?feature=oembed\" frameborder=\"0\" allow=\"accelerometer; autoplay; clipboard-write; encrypted-media; gyroscope; picture-in-picture; web-share\" referrerpolicy=\"strict-origin-when-cross-origin\" allowfullscreen><\/iframe><\/p>\n<p>Logaron estar todos realizando una feria institucional informativa, en donde cada uno logr\u00f3 dar lo que trabajan para informar a las mujeres para que sepan de qu\u00e9 manera pueden solicitar la ayuda, de igual forma en todos los municipios han trabajado este tema informativo, porque recordemos que, la violencia no solo es un golpe, sino que tambi\u00e9n puede ser violencia psicol\u00f3gica y econ\u00f3mica.<\/p>\n<p style=\"text-align: center;\"><iframe loading=\"lazy\" style=\"border: none; overflow: hidden;\" src=\"https:\/\/www.facebook.com\/plugins\/post.php?href=https%3A%2F%2Fwww.facebook.com%2Fpermalink.php%3Fstory_fbid%3Dpfbid0CBkTDZhGLWSiKEhc123RJw9vsnKX3EWsdhBk2sxn3MKDcToZCFaN8VWQF8zexSLpl%26id%3D100083158940816&amp;show_text=true&amp;width=500\" width=\"500\" height=\"774\" frameborder=\"0\" scrolling=\"no\" allowfullscreen=\"allowfullscreen\"><\/iframe><\/p>\n","protected":false},"excerpt":{"rendered":"<p>En este caso han tenido el acompa\u00f1amiento de la UPCV y SVET en donde han trabajado el tema de mujeres, para este a\u00f1o est\u00e1n a la espera de las planificaciones de estas dos instituciones para participar y tener un proceso en donde las unidades de diferentes instituciones trabajen en voz de las mujeres, seg\u00fan lo dio a conocer Vilma Yaneth Hern\u00e1ndez encargada de Oficina Nacional de la Mujer. MIRA: M\u00e1s de mil mujeres fueron capacitadas el a\u00f1o pasado En el 2025 se tuvo cobertura a trav\u00e9s de las diferentes planificaciones&hellip;<\/p>\n","protected":false},"author":2,"featured_media":28813,"comment_status":"open","ping_status":"open","sticky":false,"template":"","format":"standard","meta":{"footnotes":""},"categories":[3],"tags":[10847,10846],"class_list":["post-28812","post","type-post","status-publish","format-standard","has-post-thumbnail","hentry","category-locales","tag-el-trabajo-en-pro-de-las-mujeres","tag-esperan-coordinar-con-otras-instituciones"],"gutentor_comment":0,"_links":{"self":[{"href":"https:\/\/www.notijalapa.net\/noticias\/wp-json\/wp\/v2\/posts\/28812","targetHints":{"allow":["GET"]}}],"collection":[{"href":"https:\/\/www.notijalapa.net\/noticias\/wp-json\/wp\/v2\/posts"}],"about":[{"href":"https:\/\/www.notijalapa.net\/noticias\/wp-json\/wp\/v2\/types\/post"}],"author":[{"embeddable":true,"href":"https:\/\/www.notijalapa.net\/noticias\/wp-json\/wp\/v2\/users\/2"}],"replies":[{"embeddable":true,"href":"https:\/\/www.notijalapa.net\/noticias\/wp-json\/wp\/v2\/comments?post=28812"}],"version-history":[{"count":2,"href":"https:\/\/www.notijalapa.net\/noticias\/wp-json\/wp\/v2\/posts\/28812\/revisions"}],"predecessor-version":[{"id":28834,"href":"https:\/\/www.notijalapa.net\/noticias\/wp-json\/wp\/v2\/posts\/28812\/revisions\/28834"}],"wp:featuredmedia":[{"embeddable":true,"href":"https:\/\/www.notijalapa.net\/noticias\/wp-json\/wp\/v2\/media\/28813"}],"wp:attachment":[{"href":"https:\/\/www.notijalapa.net\/noticias\/wp-json\/wp\/v2\/media?parent=28812"}],"wp:term":[{"taxonomy":"category","embeddable":true,"href":"https:\/\/www.notijalapa.net\/noticias\/wp-json\/wp\/v2\/categories?post=28812"},{"taxonomy":"post_tag","embeddable":true,"href":"https:\/\/www.notijalapa.net\/noticias\/wp-json\/wp\/v2\/tags?post=28812"}],"curies":[{"name":"wp","href":"https:\/\/api.w.org\/{rel}","templated":true}]}}