{"id":28803,"date":"2026-01-08T10:55:40","date_gmt":"2026-01-08T10:55:40","guid":{"rendered":"https:\/\/www.notijalapa.net\/noticias\/?p=28803"},"modified":"2026-01-08T11:07:39","modified_gmt":"2026-01-08T11:07:39","slug":"un-promedio-de-390-padres-de-familia-se-graduo-en-la-escuela-para-padres","status":"publish","type":"post","link":"https:\/\/www.notijalapa.net\/noticias\/2026\/01\/08\/un-promedio-de-390-padres-de-familia-se-graduo-en-la-escuela-para-padres\/","title":{"rendered":"Un promedio de 390 padres de familia se gradu\u00f3 en la escuela para padres"},"content":{"rendered":"<p>El a\u00f1o 2025 fue bastante productivo en la escuela para padres, que es parte de uno de los componentes de la red de paternidad y maternidad responsable, concluyeron el a\u00f1o con 390 pap\u00e1s graduados de esta escuela y en este a\u00f1o contin\u00faan trabajando con m\u00e1s grupos de padres los d\u00edas jueves, seg\u00fan lo dio a conocer Karla Ortega encargada de la oficina de espacios amigables del Centro de Salud.<\/p>\n<p><a href=\"https:\/\/www.notijalapa.net\/noticias\/2026\/01\/08\/fueron-mas-de-800-denuncias-atendidas-en-pdh-en-el-2025\/\">MIRA: Fueron m\u00e1s de 800 denuncias atendidas en PDH en el 2025<\/a><\/p>\n<p>Estar\u00e1n implementando otros temas en estas clases, temas que en la actualidad est\u00e1n afectando a los j\u00f3venes, padres y sobre todo la comunicaci\u00f3n que los padres e hijos deben tener en ciertas edades. Muchas veces est\u00e1 la confusi\u00f3n que para pertenecer a la escuela para padres deben ser referidos por un juzgado, pero no es as\u00ed, ustedes pueden llegar a las instalaciones que se encuentran en el predio de veh\u00edculos de la PNC.<\/p>\n<p><iframe loading=\"lazy\" title=\"Un promedio de 390 padres de familia se gradu\u00f3 en la escuela para padres\" width=\"640\" height=\"360\" src=\"https:\/\/www.youtube.com\/embed\/1VWVa1joIoY?feature=oembed\" frameborder=\"0\" allow=\"accelerometer; autoplay; clipboard-write; encrypted-media; gyroscope; picture-in-picture; web-share\" referrerpolicy=\"strict-origin-when-cross-origin\" allowfullscreen><\/iframe><\/p>\n<p>Espacios amigables tambi\u00e9n es un lugar en donde trabajan con adolescentes y j\u00f3venes, pueden presentarse e inscribirse a la escuela para padres o asistir los d\u00edas jueves a las 10:00 de la ma\u00f1ana en las instalaciones, en donde estar\u00e1n d\u00e1ndole seguimiento a su participaci\u00f3n, en esta escuela se trabajan varios temas que les ayudar\u00e1 a tener una buena armon\u00eda, comunicaci\u00f3n con sus hijos y ejercer una paternidad y maternidad responsable en el hogar.<\/p>\n<p>Muchas veces piensan que la escuela para padres es para ense\u00f1arles c\u00f3mo ser pap\u00e1s, pero no es as\u00ed, sino que es para orientarlos a como tener una buena comunicaci\u00f3n y armon\u00eda en el hogar, ayuda mucho a saber c\u00f3mo tocar temas con los hijos, especialmente con los adolescentes y para esto es la escuela para padres.<\/p>\n<p style=\"text-align: center;\"><iframe loading=\"lazy\" style=\"border: none; overflow: hidden;\" src=\"https:\/\/www.facebook.com\/plugins\/post.php?href=https%3A%2F%2Fwww.facebook.com%2Fpermalink.php%3Fstory_fbid%3Dpfbid0e2Dmou8ipK9XTodnzJ5U9GNyxetPNHm6RuZjqBdnXHQ2zcsnWTubS6yHqinQHMPTl%26id%3D100083158940816&amp;show_text=true&amp;width=500\" width=\"500\" height=\"487\" frameborder=\"0\" scrolling=\"no\" allowfullscreen=\"allowfullscreen\"><\/iframe><\/p>\n","protected":false},"excerpt":{"rendered":"<p>El a\u00f1o 2025 fue bastante productivo en la escuela para padres, que es parte de uno de los componentes de la red de paternidad y maternidad responsable, concluyeron el a\u00f1o con 390 pap\u00e1s graduados de esta escuela y en este a\u00f1o contin\u00faan trabajando con m\u00e1s grupos de padres los d\u00edas jueves, seg\u00fan lo dio a conocer Karla Ortega encargada de la oficina de espacios amigables del Centro de Salud. MIRA: Fueron m\u00e1s de 800 denuncias atendidas en PDH en el 2025 Estar\u00e1n implementando otros temas en estas clases, temas que&hellip;<\/p>\n","protected":false},"author":2,"featured_media":28792,"comment_status":"open","ping_status":"open","sticky":false,"template":"","format":"standard","meta":{"footnotes":""},"categories":[3],"tags":[3147,10845],"class_list":["post-28803","post","type-post","status-publish","format-standard","has-post-thumbnail","hentry","category-locales","tag-en-la-escuela-para-padres","tag-un-promedio-de-390-padres-de-familia-se-graduo"],"gutentor_comment":0,"_links":{"self":[{"href":"https:\/\/www.notijalapa.net\/noticias\/wp-json\/wp\/v2\/posts\/28803","targetHints":{"allow":["GET"]}}],"collection":[{"href":"https:\/\/www.notijalapa.net\/noticias\/wp-json\/wp\/v2\/posts"}],"about":[{"href":"https:\/\/www.notijalapa.net\/noticias\/wp-json\/wp\/v2\/types\/post"}],"author":[{"embeddable":true,"href":"https:\/\/www.notijalapa.net\/noticias\/wp-json\/wp\/v2\/users\/2"}],"replies":[{"embeddable":true,"href":"https:\/\/www.notijalapa.net\/noticias\/wp-json\/wp\/v2\/comments?post=28803"}],"version-history":[{"count":3,"href":"https:\/\/www.notijalapa.net\/noticias\/wp-json\/wp\/v2\/posts\/28803\/revisions"}],"predecessor-version":[{"id":28806,"href":"https:\/\/www.notijalapa.net\/noticias\/wp-json\/wp\/v2\/posts\/28803\/revisions\/28806"}],"wp:featuredmedia":[{"embeddable":true,"href":"https:\/\/www.notijalapa.net\/noticias\/wp-json\/wp\/v2\/media\/28792"}],"wp:attachment":[{"href":"https:\/\/www.notijalapa.net\/noticias\/wp-json\/wp\/v2\/media?parent=28803"}],"wp:term":[{"taxonomy":"category","embeddable":true,"href":"https:\/\/www.notijalapa.net\/noticias\/wp-json\/wp\/v2\/categories?post=28803"},{"taxonomy":"post_tag","embeddable":true,"href":"https:\/\/www.notijalapa.net\/noticias\/wp-json\/wp\/v2\/tags?post=28803"}],"curies":[{"name":"wp","href":"https:\/\/api.w.org\/{rel}","templated":true}]}}