{"id":28426,"date":"2025-12-10T11:06:40","date_gmt":"2025-12-10T11:06:40","guid":{"rendered":"https:\/\/www.notijalapa.net\/noticias\/?p=28426"},"modified":"2025-12-10T11:26:28","modified_gmt":"2025-12-10T11:26:28","slug":"jovencita-trasladada-con-traumatismo-al-sufrir-un-accidente-de-motorista","status":"publish","type":"post","link":"https:\/\/www.notijalapa.net\/noticias\/2025\/12\/10\/jovencita-trasladada-con-traumatismo-al-sufrir-un-accidente-de-motorista\/","title":{"rendered":"Jovencita trasladada con traumatismo al sufrir un accidente de motorista"},"content":{"rendered":"<p>Los socorristas fueron alertados en horas de la ma\u00f1ana de este martes, en donde les informaron de un accidente de tr\u00e1nsito ocurrido en la conocida como Calzada Justo Rufino Barrios, seg\u00fan lo dio a conocer Benfer Arana portavoz de Bomberos Voluntarios.<\/p>\n<p><a href=\"https:\/\/www.notijalapa.net\/noticias\/2025\/12\/10\/pnc-esta-identificando-a-las-personas-que-se-transportan-en-buses-extraurbanos\/\">MIRA: PNC esta identificando a las personas que se transportan en buses extraurbanos<\/a><\/p>\n<p>Al llegar al lugar los t\u00e9cnicos en urgencias m\u00e9dicas le prestaron los primeros auxilios a Alejandra Argueta; de 19 a\u00f1os, quien reside en el barrio La Esperanza, esta persona presentaba politraumatismo generalizado, golpes y laceraciones en distintas partes del cuerpo.<\/p>\n<p><iframe loading=\"lazy\" title=\"Jovencita trasladada con traumatismo al sufrir un accidente de motorista\" width=\"640\" height=\"360\" src=\"https:\/\/www.youtube.com\/embed\/bAh3gWTdAGE?feature=oembed\" frameborder=\"0\" allow=\"accelerometer; autoplay; clipboard-write; encrypted-media; gyroscope; picture-in-picture; web-share\" referrerpolicy=\"strict-origin-when-cross-origin\" allowfullscreen><\/iframe><\/p>\n<p>Por tal motivo, la paciente fue estabilizada en el lugar y posteriormente trasladada en estado cr\u00edtico e inconsciente hacia la emergencia del hospital nacional de Jalapa para que fuera evaluada por los m\u00e9dicos de turno.<\/p>\n<p style=\"text-align: center;\"><iframe loading=\"lazy\" style=\"border: none; overflow: hidden;\" src=\"https:\/\/www.facebook.com\/plugins\/post.php?href=https%3A%2F%2Fwww.facebook.com%2Fpermalink.php%3Fstory_fbid%3Dpfbid0RDU2pcsf54gQoaeRDjibs7BnS2uYNXCQKc2yPkqCvnaHtqKj6gR8QBiWmyyMzVtvl%26id%3D100083158940816&amp;show_text=true&amp;width=500\" width=\"500\" height=\"793\" frameborder=\"0\" scrolling=\"no\" allowfullscreen=\"allowfullscreen\"><\/iframe><\/p>\n","protected":false},"excerpt":{"rendered":"<p>Los socorristas fueron alertados en horas de la ma\u00f1ana de este martes, en donde les informaron de un accidente de tr\u00e1nsito ocurrido en la conocida como Calzada Justo Rufino Barrios, seg\u00fan lo dio a conocer Benfer Arana portavoz de Bomberos Voluntarios. MIRA: PNC esta identificando a las personas que se transportan en buses extraurbanos Al llegar al lugar los t\u00e9cnicos en urgencias m\u00e9dicas le prestaron los primeros auxilios a Alejandra Argueta; de 19 a\u00f1os, quien reside en el barrio La Esperanza, esta persona presentaba politraumatismo generalizado, golpes y laceraciones en&hellip;<\/p>\n","protected":false},"author":2,"featured_media":28427,"comment_status":"open","ping_status":"open","sticky":false,"template":"","format":"standard","meta":{"footnotes":""},"categories":[3],"tags":[10670,10671],"class_list":["post-28426","post","type-post","status-publish","format-standard","has-post-thumbnail","hentry","category-locales","tag-jovencita-trasladada-con-traumatismo-al-sufrir","tag-un-accidente-de-motorista"],"gutentor_comment":0,"_links":{"self":[{"href":"https:\/\/www.notijalapa.net\/noticias\/wp-json\/wp\/v2\/posts\/28426","targetHints":{"allow":["GET"]}}],"collection":[{"href":"https:\/\/www.notijalapa.net\/noticias\/wp-json\/wp\/v2\/posts"}],"about":[{"href":"https:\/\/www.notijalapa.net\/noticias\/wp-json\/wp\/v2\/types\/post"}],"author":[{"embeddable":true,"href":"https:\/\/www.notijalapa.net\/noticias\/wp-json\/wp\/v2\/users\/2"}],"replies":[{"embeddable":true,"href":"https:\/\/www.notijalapa.net\/noticias\/wp-json\/wp\/v2\/comments?post=28426"}],"version-history":[{"count":2,"href":"https:\/\/www.notijalapa.net\/noticias\/wp-json\/wp\/v2\/posts\/28426\/revisions"}],"predecessor-version":[{"id":28449,"href":"https:\/\/www.notijalapa.net\/noticias\/wp-json\/wp\/v2\/posts\/28426\/revisions\/28449"}],"wp:featuredmedia":[{"embeddable":true,"href":"https:\/\/www.notijalapa.net\/noticias\/wp-json\/wp\/v2\/media\/28427"}],"wp:attachment":[{"href":"https:\/\/www.notijalapa.net\/noticias\/wp-json\/wp\/v2\/media?parent=28426"}],"wp:term":[{"taxonomy":"category","embeddable":true,"href":"https:\/\/www.notijalapa.net\/noticias\/wp-json\/wp\/v2\/categories?post=28426"},{"taxonomy":"post_tag","embeddable":true,"href":"https:\/\/www.notijalapa.net\/noticias\/wp-json\/wp\/v2\/tags?post=28426"}],"curies":[{"name":"wp","href":"https:\/\/api.w.org\/{rel}","templated":true}]}}