{"id":28342,"date":"2025-12-04T10:59:41","date_gmt":"2025-12-04T10:59:41","guid":{"rendered":"https:\/\/www.notijalapa.net\/noticias\/?p=28342"},"modified":"2025-12-04T11:18:36","modified_gmt":"2025-12-04T11:18:36","slug":"conmemoraron-el-dia-de-las-personas-con-discapacidad","status":"publish","type":"post","link":"https:\/\/www.notijalapa.net\/noticias\/2025\/12\/04\/conmemoraron-el-dia-de-las-personas-con-discapacidad\/","title":{"rendered":"Conmemoraron el d\u00eda de las personas con Discapacidad"},"content":{"rendered":"<p>Este mi\u00e9rcoles 3 de diciembre estuvieron conmemorando el d\u00eda internacional de las personas con discapacidad en el parque central de Jalapa, esto para hacer valer sus derechos. Estuvieron presentes personas con y sin discapacidad, seg\u00fan lo dio a conocer Susana Campos delegado de CONADI.<\/p>\n<p><a href=\"https:\/\/www.notijalapa.net\/noticias\/2025\/12\/04\/han-recibido-mas-de-3800-denuncias-en-lo-que-va-del-ano\/\">MIRA: Han recibido m\u00e1s de 3,800 denuncias en lo que va del a\u00f1o<\/a><\/p>\n<p>Llevaron a cabo un peque\u00f1o acto protocolario en donde se visibilice el tema de los derechos humanos de las personas con discapacidad, as\u00ed mismo, estuvieron reconociendo a varios atletas destacados con y sin discapacidad, y para finalizar realizaron una peque\u00f1a carrera. Las personas que tienen alg\u00fan tipo de invalidez han luchado por sus derechos y la inclusi\u00f3n desde hace muchos a\u00f1os, sin embargo; han avanzado con este tema a trav\u00e9s de la comisi\u00f3n departamental de discapacidad y autoridades locales con las que han incidido para la inclusi\u00f3n.<\/p>\n<p><iframe loading=\"lazy\" title=\"Conmemoraron el d\u00eda de las personas con Discapacidad\" width=\"640\" height=\"360\" src=\"https:\/\/www.youtube.com\/embed\/bbDesuQvuDA?feature=oembed\" frameborder=\"0\" allow=\"accelerometer; autoplay; clipboard-write; encrypted-media; gyroscope; picture-in-picture; web-share\" referrerpolicy=\"strict-origin-when-cross-origin\" allowfullscreen><\/iframe><\/p>\n<p>Todos en m\u00e1s de alguna ocasi\u00f3n hemos visto a personas ap\u00e1ticas con las que tienen alg\u00fan tipo de discapacidad, pero recordemos que, la discapacidad se adquiere por alg\u00fan accidente, secuelas de enfermedades, la edad o la gen\u00e9tica y ninguno de nosotros estamos inmunes a adquirir una discapacidad. Conciencia tenemos todos, lo que no se tiene es sensibilizaci\u00f3n en este tema, por eso han trabajado campa\u00f1as de sensibilizaci\u00f3n porque nadie est\u00e1 sin saber que la discapacidad existe y debemos hacer que esta parte tome su lugar en la sociedad y que todas las personas sean tratados por igual.<\/p>\n<p style=\"text-align: center;\"><iframe loading=\"lazy\" style=\"border: none; overflow: hidden;\" src=\"https:\/\/www.facebook.com\/plugins\/post.php?href=https%3A%2F%2Fwww.facebook.com%2Fpermalink.php%3Fstory_fbid%3Dpfbid023GjC6rpHYaThjzvFbPU4efVNQknwmpC7DRCWn9YDLqzFmDKh3eDDjAZ4qtooBaGwl%26id%3D100083158940816&amp;show_text=true&amp;width=500\" width=\"500\" height=\"506\" frameborder=\"0\" scrolling=\"no\" allowfullscreen=\"allowfullscreen\"><\/iframe><\/p>\n","protected":false},"excerpt":{"rendered":"<p>Este mi\u00e9rcoles 3 de diciembre estuvieron conmemorando el d\u00eda internacional de las personas con discapacidad en el parque central de Jalapa, esto para hacer valer sus derechos. Estuvieron presentes personas con y sin discapacidad, seg\u00fan lo dio a conocer Susana Campos delegado de CONADI. MIRA: Han recibido m\u00e1s de 3,800 denuncias en lo que va del a\u00f1o Llevaron a cabo un peque\u00f1o acto protocolario en donde se visibilice el tema de los derechos humanos de las personas con discapacidad, as\u00ed mismo, estuvieron reconociendo a varios atletas destacados con y sin&hellip;<\/p>\n","protected":false},"author":2,"featured_media":28332,"comment_status":"open","ping_status":"open","sticky":false,"template":"","format":"standard","meta":{"footnotes":""},"categories":[3],"tags":[10637,906],"class_list":["post-28342","post","type-post","status-publish","format-standard","has-post-thumbnail","hentry","category-locales","tag-conmemoraron-el-dia-de-las","tag-personas-con-discapacidad"],"gutentor_comment":0,"_links":{"self":[{"href":"https:\/\/www.notijalapa.net\/noticias\/wp-json\/wp\/v2\/posts\/28342","targetHints":{"allow":["GET"]}}],"collection":[{"href":"https:\/\/www.notijalapa.net\/noticias\/wp-json\/wp\/v2\/posts"}],"about":[{"href":"https:\/\/www.notijalapa.net\/noticias\/wp-json\/wp\/v2\/types\/post"}],"author":[{"embeddable":true,"href":"https:\/\/www.notijalapa.net\/noticias\/wp-json\/wp\/v2\/users\/2"}],"replies":[{"embeddable":true,"href":"https:\/\/www.notijalapa.net\/noticias\/wp-json\/wp\/v2\/comments?post=28342"}],"version-history":[{"count":3,"href":"https:\/\/www.notijalapa.net\/noticias\/wp-json\/wp\/v2\/posts\/28342\/revisions"}],"predecessor-version":[{"id":28345,"href":"https:\/\/www.notijalapa.net\/noticias\/wp-json\/wp\/v2\/posts\/28342\/revisions\/28345"}],"wp:featuredmedia":[{"embeddable":true,"href":"https:\/\/www.notijalapa.net\/noticias\/wp-json\/wp\/v2\/media\/28332"}],"wp:attachment":[{"href":"https:\/\/www.notijalapa.net\/noticias\/wp-json\/wp\/v2\/media?parent=28342"}],"wp:term":[{"taxonomy":"category","embeddable":true,"href":"https:\/\/www.notijalapa.net\/noticias\/wp-json\/wp\/v2\/categories?post=28342"},{"taxonomy":"post_tag","embeddable":true,"href":"https:\/\/www.notijalapa.net\/noticias\/wp-json\/wp\/v2\/tags?post=28342"}],"curies":[{"name":"wp","href":"https:\/\/api.w.org\/{rel}","templated":true}]}}