{"id":28262,"date":"2025-11-29T13:25:50","date_gmt":"2025-11-29T13:25:50","guid":{"rendered":"https:\/\/www.notijalapa.net\/noticias\/?p=28262"},"modified":"2025-11-29T13:49:00","modified_gmt":"2025-11-29T13:49:00","slug":"alcalde-de-jalapa-no-ha-querido-aperturar-los-centros-de-rehabilitacion-para-las-personas-con-discapacidad","status":"publish","type":"post","link":"https:\/\/www.notijalapa.net\/noticias\/2025\/11\/29\/alcalde-de-jalapa-no-ha-querido-aperturar-los-centros-de-rehabilitacion-para-las-personas-con-discapacidad\/","title":{"rendered":"Alcalde de Jalapa no ha querido aperturar los centros de rehabilitaci\u00f3n para las personas con discapacidad"},"content":{"rendered":"<p>Actualmente los centros de rehabilitaci\u00f3n que est\u00e1n funcionando son en San Luis Jilotepeque y San Pedro Pinula en el \u00e1rea urbana y rural, en Jalapa cuentan con algunos espacios, pero no tienen la reapertura todav\u00eda, pese a que han buscado al alcalde Omar Camposeco, seg\u00fan lo dio a conocer Zayra P\u00e9rez t\u00e9cnico de ASCATED.<\/p>\n<p><a href=\"https:\/\/www.notijalapa.net\/noticias\/2025\/11\/29\/jornadas-de-empadronamiento-y-actualizacion-de-residencia\/\">MIRA: Jornadas de empadronamiento y actualizaci\u00f3n de residencia<\/a><\/p>\n<p>Parte de las personas que estuvieron presentes en el taller realizado este jueves son de las oficinas municipales de discapacidad que se est\u00e1n formando porque pretenden que el pr\u00f3ximo a\u00f1o se tengan la reapertura de algunos centros para atender a la ni\u00f1ez con discapacidad a nivel comunitario.<\/p>\n<p><iframe loading=\"lazy\" title=\"Alcalde de Jalapa no ha querido aperturar los centros de rehabilitaci\u00f3n para las personas con discap\" width=\"640\" height=\"360\" src=\"https:\/\/www.youtube.com\/embed\/y-SSQ0KQLH0?feature=oembed\" frameborder=\"0\" allow=\"accelerometer; autoplay; clipboard-write; encrypted-media; gyroscope; picture-in-picture; web-share\" referrerpolicy=\"strict-origin-when-cross-origin\" allowfullscreen><\/iframe><\/p>\n<p>Como ASCATED esto es parte de un proceso que se lleva en acuerdo con la Municipalidad y se dio el recurso para que en las comunidades est\u00e9 el equipo, se ha solicitado que a nivel municipal las personas puedan brindar esta atenci\u00f3n a trav\u00e9s de la oficina municipal de discapacidad.<\/p>\n<p>Lo que se pretende es, que el pr\u00f3ximo a\u00f1o se le pueda dar el seguimiento que corresponde para que los ni\u00f1os puedan tener una mejor atenci\u00f3n porque muchos no pueden viajar de las comunidades al casco urbano, por lo que ser\u00eda la primera atenci\u00f3n que recibir\u00edan a nivel comunitario. Los lugares que ya tienen previstos para los centros son, Sanyuyo, El Rodeo, aldea Buena Vista y Guacamayas, llevan aproximadamente dos a\u00f1os cerrados, estos ya cuentan con el centro, pero hace falta el personal para la atenci\u00f3n y eso ha sido una de las limitantes por la cual no han sido reabiertos.<\/p>\n<p style=\"text-align: center;\"><iframe loading=\"lazy\" style=\"border: none; overflow: hidden;\" src=\"https:\/\/www.facebook.com\/plugins\/post.php?href=https%3A%2F%2Fwww.facebook.com%2Fpermalink.php%3Fstory_fbid%3Dpfbid0deTz1LgLQu133VhcjfNg44qhF1TDBWcZJMvNHTgdQBu4TLhhoHt9uZwGBnQCTnEjl%26id%3D100083158940816&amp;show_text=true&amp;width=500\" width=\"500\" height=\"544\" frameborder=\"0\" scrolling=\"no\" allowfullscreen=\"allowfullscreen\"><\/iframe><\/p>\n","protected":false},"excerpt":{"rendered":"<p>Actualmente los centros de rehabilitaci\u00f3n que est\u00e1n funcionando son en San Luis Jilotepeque y San Pedro Pinula en el \u00e1rea urbana y rural, en Jalapa cuentan con algunos espacios, pero no tienen la reapertura todav\u00eda, pese a que han buscado al alcalde Omar Camposeco, seg\u00fan lo dio a conocer Zayra P\u00e9rez t\u00e9cnico de ASCATED. MIRA: Jornadas de empadronamiento y actualizaci\u00f3n de residencia Parte de las personas que estuvieron presentes en el taller realizado este jueves son de las oficinas municipales de discapacidad que se est\u00e1n formando porque pretenden que el&hellip;<\/p>\n","protected":false},"author":2,"featured_media":28257,"comment_status":"open","ping_status":"open","sticky":false,"template":"","format":"standard","meta":{"footnotes":""},"categories":[3],"tags":[10601,10602],"class_list":["post-28262","post","type-post","status-publish","format-standard","has-post-thumbnail","hentry","category-locales","tag-alcalde-de-jalapa-no-ha-querido-aperturar","tag-los-centros-de-rehabilitacion-para-las-personas-con-discapacidad"],"gutentor_comment":0,"_links":{"self":[{"href":"https:\/\/www.notijalapa.net\/noticias\/wp-json\/wp\/v2\/posts\/28262","targetHints":{"allow":["GET"]}}],"collection":[{"href":"https:\/\/www.notijalapa.net\/noticias\/wp-json\/wp\/v2\/posts"}],"about":[{"href":"https:\/\/www.notijalapa.net\/noticias\/wp-json\/wp\/v2\/types\/post"}],"author":[{"embeddable":true,"href":"https:\/\/www.notijalapa.net\/noticias\/wp-json\/wp\/v2\/users\/2"}],"replies":[{"embeddable":true,"href":"https:\/\/www.notijalapa.net\/noticias\/wp-json\/wp\/v2\/comments?post=28262"}],"version-history":[{"count":2,"href":"https:\/\/www.notijalapa.net\/noticias\/wp-json\/wp\/v2\/posts\/28262\/revisions"}],"predecessor-version":[{"id":28274,"href":"https:\/\/www.notijalapa.net\/noticias\/wp-json\/wp\/v2\/posts\/28262\/revisions\/28274"}],"wp:featuredmedia":[{"embeddable":true,"href":"https:\/\/www.notijalapa.net\/noticias\/wp-json\/wp\/v2\/media\/28257"}],"wp:attachment":[{"href":"https:\/\/www.notijalapa.net\/noticias\/wp-json\/wp\/v2\/media?parent=28262"}],"wp:term":[{"taxonomy":"category","embeddable":true,"href":"https:\/\/www.notijalapa.net\/noticias\/wp-json\/wp\/v2\/categories?post=28262"},{"taxonomy":"post_tag","embeddable":true,"href":"https:\/\/www.notijalapa.net\/noticias\/wp-json\/wp\/v2\/tags?post=28262"}],"curies":[{"name":"wp","href":"https:\/\/api.w.org\/{rel}","templated":true}]}}