{"id":28254,"date":"2025-11-29T13:24:03","date_gmt":"2025-11-29T13:24:03","guid":{"rendered":"https:\/\/www.notijalapa.net\/noticias\/?p=28254"},"modified":"2025-11-29T13:54:17","modified_gmt":"2025-11-29T13:54:17","slug":"reorganizan-la-codedis","status":"publish","type":"post","link":"https:\/\/www.notijalapa.net\/noticias\/2025\/11\/29\/reorganizan-la-codedis\/","title":{"rendered":"Reorganizan la CODEDIS"},"content":{"rendered":"<p>El pasado mi\u00e9rcoles estuvieron realizando la restructuraci\u00f3n del equipo coordinador de la comisi\u00f3n departamental de discapacidad en Jalapa, en este caso participan representantes de instituciones del sector p\u00fablico y sociedad civil, seg\u00fan lo dio a conocer Susana Campos delegada de CONADI.<\/p>\n<p><a href=\"https:\/\/www.notijalapa.net\/noticias\/2025\/11\/29\/conmemoraran-el-dia-internacional-de-las-personas-con-discapacidad\/\">MIRA: Conmemorar\u00e1n el d\u00eda internacional de las personas con discapacidad<\/a><\/p>\n<p>Tuvieron la presencia de delegados del ministerio de educaci\u00f3n, trabajo, salud p\u00fablica y asistencia social, IGSS, organizaciones de sociedad civil como ASCATED, FUNDABIEN y Secretar\u00eda de Bienestar Social, estas instituciones son las que pueden ser electos para formar parte del equipo coordinador.<\/p>\n<p><iframe loading=\"lazy\" title=\"Reorganizan la CODEDIS\" width=\"640\" height=\"360\" src=\"https:\/\/www.youtube.com\/embed\/vBpCJwoXH7Q?feature=oembed\" frameborder=\"0\" allow=\"accelerometer; autoplay; clipboard-write; encrypted-media; gyroscope; picture-in-picture; web-share\" referrerpolicy=\"strict-origin-when-cross-origin\" allowfullscreen><\/iframe><\/p>\n<p>Como lo dicta el reglamento fueron electos:<\/p>\n<p>Coordinadora Susana Campos.<\/p>\n<p>Delegada departamental y subcoordinadora la Licda. M\u00f3nica Sandoval del ministerio de salud p\u00fabica.<\/p>\n<p>Secretaria la Licda. Wendy Medina del ministerio de educaci\u00f3n.<\/p>\n<p>Vocal I la Licda. Aisha Torres de FUNDABIEN.<\/p>\n<p>Vocal II a la Licda. Karen Chocolan del IGSS.<\/p>\n<p style=\"text-align: center;\"><iframe loading=\"lazy\" style=\"border: none; overflow: hidden;\" src=\"https:\/\/www.facebook.com\/plugins\/post.php?href=https%3A%2F%2Fwww.facebook.com%2Fpermalink.php%3Fstory_fbid%3Dpfbid02bbrzp28vmgZH78GECDfh223RrqxZNMJQ2XMy2LKo3hApNZW7t4tvysvVrh7NPVbTl%26id%3D100083158940816&amp;show_text=true&amp;width=500\" width=\"500\" height=\"774\" frameborder=\"0\" scrolling=\"no\" allowfullscreen=\"allowfullscreen\"><\/iframe><\/p>\n","protected":false},"excerpt":{"rendered":"<p>El pasado mi\u00e9rcoles estuvieron realizando la restructuraci\u00f3n del equipo coordinador de la comisi\u00f3n departamental de discapacidad en Jalapa, en este caso participan representantes de instituciones del sector p\u00fablico y sociedad civil, seg\u00fan lo dio a conocer Susana Campos delegada de CONADI. MIRA: Conmemorar\u00e1n el d\u00eda internacional de las personas con discapacidad Tuvieron la presencia de delegados del ministerio de educaci\u00f3n, trabajo, salud p\u00fablica y asistencia social, IGSS, organizaciones de sociedad civil como ASCATED, FUNDABIEN y Secretar\u00eda de Bienestar Social, estas instituciones son las que pueden ser electos para formar parte&hellip;<\/p>\n","protected":false},"author":2,"featured_media":28255,"comment_status":"open","ping_status":"open","sticky":false,"template":"","format":"standard","meta":{"footnotes":""},"categories":[3],"tags":[10598,10597],"class_list":["post-28254","post","type-post","status-publish","format-standard","has-post-thumbnail","hentry","category-locales","tag-la-codedis","tag-reorganizan"],"gutentor_comment":0,"_links":{"self":[{"href":"https:\/\/www.notijalapa.net\/noticias\/wp-json\/wp\/v2\/posts\/28254","targetHints":{"allow":["GET"]}}],"collection":[{"href":"https:\/\/www.notijalapa.net\/noticias\/wp-json\/wp\/v2\/posts"}],"about":[{"href":"https:\/\/www.notijalapa.net\/noticias\/wp-json\/wp\/v2\/types\/post"}],"author":[{"embeddable":true,"href":"https:\/\/www.notijalapa.net\/noticias\/wp-json\/wp\/v2\/users\/2"}],"replies":[{"embeddable":true,"href":"https:\/\/www.notijalapa.net\/noticias\/wp-json\/wp\/v2\/comments?post=28254"}],"version-history":[{"count":2,"href":"https:\/\/www.notijalapa.net\/noticias\/wp-json\/wp\/v2\/posts\/28254\/revisions"}],"predecessor-version":[{"id":28276,"href":"https:\/\/www.notijalapa.net\/noticias\/wp-json\/wp\/v2\/posts\/28254\/revisions\/28276"}],"wp:featuredmedia":[{"embeddable":true,"href":"https:\/\/www.notijalapa.net\/noticias\/wp-json\/wp\/v2\/media\/28255"}],"wp:attachment":[{"href":"https:\/\/www.notijalapa.net\/noticias\/wp-json\/wp\/v2\/media?parent=28254"}],"wp:term":[{"taxonomy":"category","embeddable":true,"href":"https:\/\/www.notijalapa.net\/noticias\/wp-json\/wp\/v2\/categories?post=28254"},{"taxonomy":"post_tag","embeddable":true,"href":"https:\/\/www.notijalapa.net\/noticias\/wp-json\/wp\/v2\/tags?post=28254"}],"curies":[{"name":"wp","href":"https:\/\/api.w.org\/{rel}","templated":true}]}}