{"id":2806,"date":"2022-01-26T12:51:11","date_gmt":"2022-01-26T12:51:11","guid":{"rendered":"https:\/\/www.notijalapa.net\/noticias\/?p=2806"},"modified":"2022-01-26T13:11:28","modified_gmt":"2022-01-26T13:11:28","slug":"proximas-semanas-iniciaran-con-el-manteamiento-de-carreteras","status":"publish","type":"post","link":"https:\/\/www.notijalapa.net\/noticias\/2022\/01\/26\/proximas-semanas-iniciaran-con-el-manteamiento-de-carreteras\/","title":{"rendered":"Pr\u00f3ximas semanas iniciaran con el manteamiento de carreteras"},"content":{"rendered":"<p>En Jalapa hay varias carreteras que est\u00e1n en mal estado, pero primero hay que saber que carreteras son y a que instituci\u00f3n est\u00e1n destinados los trabajos de mantenimiento, porque hay rutas que le pertenecen a COVIAL, otras a CAMINOS y tambi\u00e9n hay carreteras que le pertenecen a las municipalidades y tienen asignaciones presupuestarias para el mantenimiento de las mismas, seg\u00fan lo manifest\u00f3 Antonio Garc\u00eda delegado de CAMINOS en Jalapa.<\/p>\n<p><a href=\"https:\/\/www.notijalapa.net\/noticias\/2022\/01\/26\/en-las-proximas-semanas-podrian-iniciar-con-la-demolicion-de-los-tumulos\/\">MIRA: En las pr\u00f3ximas semanas podr\u00edan iniciar con la demolici\u00f3n de los t\u00famulos<\/a><\/p>\n<p>Seg\u00fan los \u00faltimos estudios a la Direcci\u00f3n General de CAMINOS se le han asignado 30 kil\u00f3metros de carreteras solo de Santa Mar\u00eda Xalapa y comunidad de Ladinos Pardos, pero tambi\u00e9n hay otros kil\u00f3metros de carreteras de los dem\u00e1s municipios que tambi\u00e9n deben de darles mantenimiento por parte de esta instituci\u00f3n.<\/p>\n<p><iframe loading=\"lazy\" title=\"Pr\u00f3ximas Semanas Iniciaran Con El Manteamiento De Carreteras 1\" width=\"640\" height=\"360\" src=\"https:\/\/www.youtube.com\/embed\/3RS16-1TgSc?feature=oembed\" frameborder=\"0\" allow=\"accelerometer; autoplay; clipboard-write; encrypted-media; gyroscope; picture-in-picture; web-share\" referrerpolicy=\"strict-origin-when-cross-origin\" allowfullscreen><\/iframe><\/p>\n<p>Ellos ya tienen una programaci\u00f3n del mantenimiento de carreteras que van a realizar este a\u00f1o, ya han enviado las solicitudes a los jefes superiores, para iniciar en las pr\u00f3ximas semanas, esto a lo que CAMINOS le corresponde, puntualizo.<\/p>\n<p style=\"text-align: center;\"><iframe loading=\"lazy\" style=\"border: none; overflow: hidden;\" src=\"https:\/\/www.facebook.com\/plugins\/post.php?href=https%3A%2F%2Fwww.facebook.com%2Fpermalink.php%3Fstory_fbid%3D4828248983957881%26id%3D541551329294356&amp;show_text=true&amp;width=500\" width=\"500\" height=\"754\" frameborder=\"0\" scrolling=\"no\" allowfullscreen=\"allowfullscreen\"><\/iframe><\/p>\n","protected":false},"excerpt":{"rendered":"<p>En Jalapa hay varias carreteras que est\u00e1n en mal estado, pero primero hay que saber que carreteras son y a que instituci\u00f3n est\u00e1n destinados los trabajos de mantenimiento, porque hay rutas que le pertenecen a COVIAL, otras a CAMINOS y tambi\u00e9n hay carreteras que le pertenecen a las municipalidades y tienen asignaciones presupuestarias para el mantenimiento de las mismas, seg\u00fan lo manifest\u00f3 Antonio Garc\u00eda delegado de CAMINOS en Jalapa. MIRA: En las pr\u00f3ximas semanas podr\u00edan iniciar con la demolici\u00f3n de los t\u00famulos Seg\u00fan los \u00faltimos estudios a la Direcci\u00f3n General&hellip;<\/p>\n","protected":false},"author":2,"featured_media":2801,"comment_status":"open","ping_status":"open","sticky":false,"template":"","format":"standard","meta":{"footnotes":""},"categories":[3],"tags":[220,439,556],"class_list":["post-2806","post","type-post","status-publish","format-standard","has-post-thumbnail","hentry","category-locales","tag-caminos","tag-carreteras","tag-en-mal-estado"],"gutentor_comment":0,"_links":{"self":[{"href":"https:\/\/www.notijalapa.net\/noticias\/wp-json\/wp\/v2\/posts\/2806","targetHints":{"allow":["GET"]}}],"collection":[{"href":"https:\/\/www.notijalapa.net\/noticias\/wp-json\/wp\/v2\/posts"}],"about":[{"href":"https:\/\/www.notijalapa.net\/noticias\/wp-json\/wp\/v2\/types\/post"}],"author":[{"embeddable":true,"href":"https:\/\/www.notijalapa.net\/noticias\/wp-json\/wp\/v2\/users\/2"}],"replies":[{"embeddable":true,"href":"https:\/\/www.notijalapa.net\/noticias\/wp-json\/wp\/v2\/comments?post=2806"}],"version-history":[{"count":2,"href":"https:\/\/www.notijalapa.net\/noticias\/wp-json\/wp\/v2\/posts\/2806\/revisions"}],"predecessor-version":[{"id":2821,"href":"https:\/\/www.notijalapa.net\/noticias\/wp-json\/wp\/v2\/posts\/2806\/revisions\/2821"}],"wp:featuredmedia":[{"embeddable":true,"href":"https:\/\/www.notijalapa.net\/noticias\/wp-json\/wp\/v2\/media\/2801"}],"wp:attachment":[{"href":"https:\/\/www.notijalapa.net\/noticias\/wp-json\/wp\/v2\/media?parent=2806"}],"wp:term":[{"taxonomy":"category","embeddable":true,"href":"https:\/\/www.notijalapa.net\/noticias\/wp-json\/wp\/v2\/categories?post=2806"},{"taxonomy":"post_tag","embeddable":true,"href":"https:\/\/www.notijalapa.net\/noticias\/wp-json\/wp\/v2\/tags?post=2806"}],"curies":[{"name":"wp","href":"https:\/\/api.w.org\/{rel}","templated":true}]}}