{"id":27873,"date":"2025-11-07T10:59:07","date_gmt":"2025-11-07T10:59:07","guid":{"rendered":"https:\/\/www.notijalapa.net\/noticias\/?p=27873"},"modified":"2025-11-07T11:14:52","modified_gmt":"2025-11-07T11:14:52","slug":"es-preocupante-la-ola-de-violencia-que-se-vive-en-jalapa","status":"publish","type":"post","link":"https:\/\/www.notijalapa.net\/noticias\/2025\/11\/07\/es-preocupante-la-ola-de-violencia-que-se-vive-en-jalapa\/","title":{"rendered":"Es preocupante la ola de violencia que se vive en Jalapa"},"content":{"rendered":"<p>Es una preocupaci\u00f3n muy grande para todos los ciudadanos del pueblo jalapaneco que se ha caracterizado por ser una ciudad con mucha gente buena, pero vivimos una situaci\u00f3n desesperante, hace unos a\u00f1os se escuchaba que se viv\u00edan hechos violentos en las zonas rojas de la ciudad capital, pero ahora se ha extendido esta criminalidad a los dem\u00e1s departamentos y lo m\u00e1s preocupante es, que no se ven medidas concretas de las autoridades a quienes competen, as\u00ed lo dijo el Sacerdote Ilsear Mart\u00ednez de la Parroquia Nuestra Se\u00f1ora del Carmen.<\/p>\n<p><a href=\"https:\/\/www.notijalapa.net\/noticias\/2025\/11\/07\/ya-suman-123-alertas-por-menores-que-han-desparecido-en-su-mayoria-temporalmente\/\">MIRA: Ya suman 123 alertas por menores que han desparecido en su mayor\u00eda temporalmente<\/a><\/p>\n<p>Es ah\u00ed en donde la poblaci\u00f3n se desespera y es cuando la gente se organiza y quiere hacer justicia con sus propias manos y sus propios medios. Nos encontramos con una realidad dif\u00edcil porque uno quiere que se respete la vida, pero tambi\u00e9n sabemos que las personas se desesperan y esto es el reflejo de realidades que en anonimato viven muchas familias. En este caso se evidencia que personas que se dedican a recolectar basura no las dejen trabajar en paz, en cuesti\u00f3n de d\u00edas se han vivido tres atentados, estas personas andan haciendo un trabajo que no a cualquiera le gusta y lo hacen porque no tienen otra oportunidad laboral.<\/p>\n<p><iframe loading=\"lazy\" title=\"Es preocupante la ola de violencia que se vive en Jalapa\" width=\"640\" height=\"360\" src=\"https:\/\/www.youtube.com\/embed\/o2PHxX6yoHo?feature=oembed\" frameborder=\"0\" allow=\"accelerometer; autoplay; clipboard-write; encrypted-media; gyroscope; picture-in-picture; web-share\" referrerpolicy=\"strict-origin-when-cross-origin\" allowfullscreen><\/iframe><\/p>\n<p>Esto ya es el colmo, por eso les piden a las autoridades que, ya no usen una banderita cuando son las elecciones, tienen esl\u00f3ganes en donde prometen seguridad, pero al final solo atienden a una estad\u00edstica porque a ellos les hacen los discursos y cu\u00e1nto quisi\u00e9ramos que ahora se tomen medidas concretas porque ya la poblaci\u00f3n se est\u00e1 desesperando. Las personas acuden con ellos como sacerdotes y les comentan que ya no saben que hacer y por momentos piensan organizarse porque las autoridades no est\u00e1n para defendernos, es por eso que, hace un llamado de atenci\u00f3n a las autoridades para que se organicen las distintas instituciones y tomen acciones ante esta situaci\u00f3n.<\/p>\n<p>Es cierto que en Guatemala hay un historial muy triste, pero al menos al Ej\u00e9rcito lo respetan un poco m\u00e1s, en alg\u00fan momento \u00e9l le coment\u00f3 al se\u00f1or alcalde Omar Camposeco que, aunque cada identidad tiene su propio trabajo, mejor que pidiera al Ej\u00e9rcito para poner orden en nuestro departamento y en alg\u00fan momento se va tener la necesidad de hacerlo.<\/p>\n<p style=\"text-align: center;\"><iframe loading=\"lazy\" style=\"border: none; overflow: hidden;\" src=\"https:\/\/www.facebook.com\/plugins\/post.php?href=https%3A%2F%2Fwww.facebook.com%2Fpermalink.php%3Fstory_fbid%3Dpfbid0RFxevAj9KmXNP8PbTaWUGVX8M2ysP7Mrz9vuPxAvUfn9Qa38TT5dWuFd4DUfVCs4l%26id%3D100083158940816&amp;show_text=true&amp;width=500\" width=\"500\" height=\"544\" frameborder=\"0\" scrolling=\"no\" allowfullscreen=\"allowfullscreen\"><\/iframe><\/p>\n","protected":false},"excerpt":{"rendered":"<p>Es una preocupaci\u00f3n muy grande para todos los ciudadanos del pueblo jalapaneco que se ha caracterizado por ser una ciudad con mucha gente buena, pero vivimos una situaci\u00f3n desesperante, hace unos a\u00f1os se escuchaba que se viv\u00edan hechos violentos en las zonas rojas de la ciudad capital, pero ahora se ha extendido esta criminalidad a los dem\u00e1s departamentos y lo m\u00e1s preocupante es, que no se ven medidas concretas de las autoridades a quienes competen, as\u00ed lo dijo el Sacerdote Ilsear Mart\u00ednez de la Parroquia Nuestra Se\u00f1ora del Carmen. MIRA:&hellip;<\/p>\n","protected":false},"author":2,"featured_media":27864,"comment_status":"open","ping_status":"open","sticky":false,"template":"","format":"standard","meta":{"footnotes":""},"categories":[3],"tags":[10422,10423],"class_list":["post-27873","post","type-post","status-publish","format-standard","has-post-thumbnail","hentry","category-locales","tag-es-preocupante-la-ola-de-violencia","tag-que-se-vive-en-jalapa"],"gutentor_comment":0,"_links":{"self":[{"href":"https:\/\/www.notijalapa.net\/noticias\/wp-json\/wp\/v2\/posts\/27873","targetHints":{"allow":["GET"]}}],"collection":[{"href":"https:\/\/www.notijalapa.net\/noticias\/wp-json\/wp\/v2\/posts"}],"about":[{"href":"https:\/\/www.notijalapa.net\/noticias\/wp-json\/wp\/v2\/types\/post"}],"author":[{"embeddable":true,"href":"https:\/\/www.notijalapa.net\/noticias\/wp-json\/wp\/v2\/users\/2"}],"replies":[{"embeddable":true,"href":"https:\/\/www.notijalapa.net\/noticias\/wp-json\/wp\/v2\/comments?post=27873"}],"version-history":[{"count":2,"href":"https:\/\/www.notijalapa.net\/noticias\/wp-json\/wp\/v2\/posts\/27873\/revisions"}],"predecessor-version":[{"id":27882,"href":"https:\/\/www.notijalapa.net\/noticias\/wp-json\/wp\/v2\/posts\/27873\/revisions\/27882"}],"wp:featuredmedia":[{"embeddable":true,"href":"https:\/\/www.notijalapa.net\/noticias\/wp-json\/wp\/v2\/media\/27864"}],"wp:attachment":[{"href":"https:\/\/www.notijalapa.net\/noticias\/wp-json\/wp\/v2\/media?parent=27873"}],"wp:term":[{"taxonomy":"category","embeddable":true,"href":"https:\/\/www.notijalapa.net\/noticias\/wp-json\/wp\/v2\/categories?post=27873"},{"taxonomy":"post_tag","embeddable":true,"href":"https:\/\/www.notijalapa.net\/noticias\/wp-json\/wp\/v2\/tags?post=27873"}],"curies":[{"name":"wp","href":"https:\/\/api.w.org\/{rel}","templated":true}]}}