{"id":27836,"date":"2025-11-05T11:15:31","date_gmt":"2025-11-05T11:15:31","guid":{"rendered":"https:\/\/www.notijalapa.net\/noticias\/?p=27836"},"modified":"2025-11-05T11:15:31","modified_gmt":"2025-11-05T11:15:31","slug":"era-buscado-para-que-responda-por-el-delito-de-hurto","status":"publish","type":"post","link":"https:\/\/www.notijalapa.net\/noticias\/2025\/11\/05\/era-buscado-para-que-responda-por-el-delito-de-hurto\/","title":{"rendered":"Era buscado para que responda por el delito de hurto"},"content":{"rendered":"<p>Agentes de la Divisi\u00f3n Especializada en investigaci\u00f3n Criminal (DEIC) de la Polic\u00eda Nacional Civil realizaron la captura de Geovani Erasmo de la Cruz Rom\u00e1n; de 25 a\u00f1os, seg\u00fan lo dio a conocer Eswin G\u00f3mez de la oficina de comunicaci\u00f3n social de PNC.<\/p>\n<p>Esta persona fue localizada en el caser\u00edo Tierra Blanca, aldea San Jos\u00e9 Carrizal, en un sector de Santa Mar\u00eda Xalapan, Jalapa, donde se hace efectiva una orden de captura girada en su contra por cometer el delito de hurto.<\/p>\n<p>Dicha orden fue girada por el Juzgado de Primera Instancia Penal Narcoactividad y Delitos contra el ambiente del departamento de Jalapa, por lo que fue trasladado hacia el juzgado que lo requiere para que pueda solventar su situaci\u00f3n legal.<\/p>\n","protected":false},"excerpt":{"rendered":"<p>Agentes de la Divisi\u00f3n Especializada en investigaci\u00f3n Criminal (DEIC) de la Polic\u00eda Nacional Civil realizaron la captura de Geovani Erasmo de la Cruz Rom\u00e1n; de 25 a\u00f1os, seg\u00fan lo dio a conocer Eswin G\u00f3mez de la oficina de comunicaci\u00f3n social de PNC. Esta persona fue localizada en el caser\u00edo Tierra Blanca, aldea San Jos\u00e9 Carrizal, en un sector de Santa Mar\u00eda Xalapan, Jalapa, donde se hace efectiva una orden de captura girada en su contra por cometer el delito de hurto. Dicha orden fue girada por el Juzgado de Primera&hellip;<\/p>\n","protected":false},"author":2,"featured_media":27827,"comment_status":"open","ping_status":"open","sticky":false,"template":"","format":"standard","meta":{"footnotes":""},"categories":[3],"tags":[10401,9484],"class_list":["post-27836","post","type-post","status-publish","format-standard","has-post-thumbnail","hentry","category-locales","tag-era-buscado-para-que-responda","tag-por-el-delito-de-hurto"],"gutentor_comment":0,"_links":{"self":[{"href":"https:\/\/www.notijalapa.net\/noticias\/wp-json\/wp\/v2\/posts\/27836","targetHints":{"allow":["GET"]}}],"collection":[{"href":"https:\/\/www.notijalapa.net\/noticias\/wp-json\/wp\/v2\/posts"}],"about":[{"href":"https:\/\/www.notijalapa.net\/noticias\/wp-json\/wp\/v2\/types\/post"}],"author":[{"embeddable":true,"href":"https:\/\/www.notijalapa.net\/noticias\/wp-json\/wp\/v2\/users\/2"}],"replies":[{"embeddable":true,"href":"https:\/\/www.notijalapa.net\/noticias\/wp-json\/wp\/v2\/comments?post=27836"}],"version-history":[{"count":1,"href":"https:\/\/www.notijalapa.net\/noticias\/wp-json\/wp\/v2\/posts\/27836\/revisions"}],"predecessor-version":[{"id":27837,"href":"https:\/\/www.notijalapa.net\/noticias\/wp-json\/wp\/v2\/posts\/27836\/revisions\/27837"}],"wp:featuredmedia":[{"embeddable":true,"href":"https:\/\/www.notijalapa.net\/noticias\/wp-json\/wp\/v2\/media\/27827"}],"wp:attachment":[{"href":"https:\/\/www.notijalapa.net\/noticias\/wp-json\/wp\/v2\/media?parent=27836"}],"wp:term":[{"taxonomy":"category","embeddable":true,"href":"https:\/\/www.notijalapa.net\/noticias\/wp-json\/wp\/v2\/categories?post=27836"},{"taxonomy":"post_tag","embeddable":true,"href":"https:\/\/www.notijalapa.net\/noticias\/wp-json\/wp\/v2\/tags?post=27836"}],"curies":[{"name":"wp","href":"https:\/\/api.w.org\/{rel}","templated":true}]}}