{"id":27519,"date":"2025-10-16T10:59:46","date_gmt":"2025-10-16T10:59:46","guid":{"rendered":"https:\/\/www.notijalapa.net\/noticias\/?p=27519"},"modified":"2025-10-16T11:15:42","modified_gmt":"2025-10-16T11:15:42","slug":"realizaron-el-festival-regional-de-escuela-de-iniciacion-deportiva","status":"publish","type":"post","link":"https:\/\/www.notijalapa.net\/noticias\/2025\/10\/16\/realizaron-el-festival-regional-de-escuela-de-iniciacion-deportiva\/","title":{"rendered":"Realizaron el festival regional de escuela de iniciaci\u00f3n deportiva"},"content":{"rendered":"<p><span dir=\"auto\" style=\"vertical-align: inherit;\"><span dir=\"auto\" style=\"vertical-align: inherit;\">Este mi\u00e9rcoles recibi\u00f3 un festival regional con disciplinas deportivas de f\u00fatbol y baloncesto, posteriormente el d\u00eda viernes lo realizar\u00e1n con lo deportes de voleibol y balonmano, seg\u00fan lo dio a conocer Yojan Aguirre encargado de la Oficina de Educaci\u00f3n F\u00edsica.<\/span><\/span><\/p>\n<p><a href=\"https:\/\/www.notijalapa.net\/noticias\/2025\/10\/16\/de-confirmarse-el-caso-de-tosferina-serian-3-detectados-en-jalapa\/\">MIRA: De confirmarse el caso de tosferina serie 3 detectados en Jalapa<\/a><\/p>\n<p><span dir=\"auto\" style=\"vertical-align: inherit;\"><span dir=\"auto\" style=\"vertical-align: inherit;\">Esta es una actividad realizada por el departamento de Jalapa, con la participaci\u00f3n de Jutiapa, Chiquimula, Zacapa e Izabal. Muy contentos de ver la participaci\u00f3n de los ni\u00f1os y esto les sirve para medir el aprendizaje que han tenido en estos deportes.<\/span><\/span><\/p>\n<p><iframe loading=\"lazy\" title=\"Realizaron el festival regional de escuela de iniciaci\u00f3n deportiva\" width=\"640\" height=\"360\" src=\"https:\/\/www.youtube.com\/embed\/UWDEstTuBzs?feature=oembed\" frameborder=\"0\" allow=\"accelerometer; autoplay; clipboard-write; encrypted-media; gyroscope; picture-in-picture; web-share\" referrerpolicy=\"strict-origin-when-cross-origin\" allowfullscreen><\/iframe><\/p>\n<p><span dir=\"auto\" style=\"vertical-align: inherit;\"><span dir=\"auto\" style=\"vertical-align: inherit;\">Muy importante mencionar que, Jalapa ha sido muy referente en el deporte, tanto en el de alto rendimiento, federado y el escolar que son muy importantes para nuestro pa\u00eds, y es muy importante que nuestro departamento est\u00e9 muy bien posicionado, pero sobre todo que sea anfitri\u00f3n de este tipo de actividades.<\/span><\/span><\/p>\n<p><span dir=\"auto\" style=\"vertical-align: inherit;\"><span dir=\"auto\" style=\"vertical-align: inherit;\">Ya est\u00e1n finalizando las actividades, tienen pendientes la competencia nacional de gimnasia art\u00edstica, atletismo con personas con discapacidad, reuniones para las organizaciones del pr\u00f3ximo a\u00f1o y las evaluaciones de este a\u00f1o 2025.<\/span><\/span><\/p>\n<p style=\"text-align: center;\"><iframe loading=\"lazy\" style=\"border: none; overflow: hidden;\" src=\"https:\/\/www.facebook.com\/plugins\/post.php?href=https%3A%2F%2Fwww.facebook.com%2Fpermalink.php%3Fstory_fbid%3Dpfbid0esyR4tS1m4jKtutPeo8K7a1kvsVzP4vuE5A3feCXUGR1Wrtu9x6XCxijRGKxVykol%26id%3D100083158940816&amp;show_text=true&amp;width=500\" width=\"500\" height=\"544\" frameborder=\"0\" scrolling=\"no\" allowfullscreen=\"allowfullscreen\"><\/iframe><\/p>\n","protected":false},"excerpt":{"rendered":"<p>Este mi\u00e9rcoles recibi\u00f3 un festival regional con disciplinas deportivas de f\u00fatbol y baloncesto, posteriormente el d\u00eda viernes lo realizar\u00e1n con lo deportes de voleibol y balonmano, seg\u00fan lo dio a conocer Yojan Aguirre encargado de la Oficina de Educaci\u00f3n F\u00edsica. MIRA: De confirmarse el caso de tosferina serie 3 detectados en Jalapa Esta es una actividad realizada por el departamento de Jalapa, con la participaci\u00f3n de Jutiapa, Chiquimula, Zacapa e Izabal. Muy contentos de ver la participaci\u00f3n de los ni\u00f1os y esto les sirve para medir el aprendizaje que han&hellip;<\/p>\n","protected":false},"author":2,"featured_media":27512,"comment_status":"open","ping_status":"open","sticky":false,"template":"","format":"standard","meta":{"footnotes":""},"categories":[3],"tags":[1007,10270],"class_list":["post-27519","post","type-post","status-publish","format-standard","has-post-thumbnail","hentry","category-locales","tag-escuela-de-iniciacion-deportiva","tag-realizaron-el-festival-regional-de"],"gutentor_comment":0,"_links":{"self":[{"href":"https:\/\/www.notijalapa.net\/noticias\/wp-json\/wp\/v2\/posts\/27519","targetHints":{"allow":["GET"]}}],"collection":[{"href":"https:\/\/www.notijalapa.net\/noticias\/wp-json\/wp\/v2\/posts"}],"about":[{"href":"https:\/\/www.notijalapa.net\/noticias\/wp-json\/wp\/v2\/types\/post"}],"author":[{"embeddable":true,"href":"https:\/\/www.notijalapa.net\/noticias\/wp-json\/wp\/v2\/users\/2"}],"replies":[{"embeddable":true,"href":"https:\/\/www.notijalapa.net\/noticias\/wp-json\/wp\/v2\/comments?post=27519"}],"version-history":[{"count":3,"href":"https:\/\/www.notijalapa.net\/noticias\/wp-json\/wp\/v2\/posts\/27519\/revisions"}],"predecessor-version":[{"id":27529,"href":"https:\/\/www.notijalapa.net\/noticias\/wp-json\/wp\/v2\/posts\/27519\/revisions\/27529"}],"wp:featuredmedia":[{"embeddable":true,"href":"https:\/\/www.notijalapa.net\/noticias\/wp-json\/wp\/v2\/media\/27512"}],"wp:attachment":[{"href":"https:\/\/www.notijalapa.net\/noticias\/wp-json\/wp\/v2\/media?parent=27519"}],"wp:term":[{"taxonomy":"category","embeddable":true,"href":"https:\/\/www.notijalapa.net\/noticias\/wp-json\/wp\/v2\/categories?post=27519"},{"taxonomy":"post_tag","embeddable":true,"href":"https:\/\/www.notijalapa.net\/noticias\/wp-json\/wp\/v2\/tags?post=27519"}],"curies":[{"name":"wp","href":"https:\/\/api.w.org\/{rel}","templated":true}]}}