{"id":27440,"date":"2025-10-11T13:32:30","date_gmt":"2025-10-11T13:32:30","guid":{"rendered":"https:\/\/www.notijalapa.net\/noticias\/?p=27440"},"modified":"2025-10-11T13:45:57","modified_gmt":"2025-10-11T13:45:57","slug":"hablar-de-padecer-enfermedades-mentales-aun-son-un-tabu","status":"publish","type":"post","link":"https:\/\/www.notijalapa.net\/noticias\/2025\/10\/11\/hablar-de-padecer-enfermedades-mentales-aun-son-un-tabu\/","title":{"rendered":"Hablar de padecer enfermedades mentales a\u00fan son un tab\u00fa"},"content":{"rendered":"<p>El tema de la salud mental todav\u00eda es un tab\u00fa para las personas, pero nuestra salud no es solo f\u00edsica, como esos dolores de cabeza, dolor de piernas, pero tambi\u00e9n es importante hablar de nuestras emociones, pensamientos, esos pensamientos negativos, han cobrado la vida de muchos jalapanecos, seg\u00fan lo manifest\u00f3 la Licda. Cecy Cuc Psic\u00f3loga del Centro de Salud de Jalapa.<\/p>\n<p><a href=\"https:\/\/www.notijalapa.net\/noticias\/2025\/10\/11\/los-maestros-e-instituciones-son-clave-en-la-apertura-de-los-ninos-con-los-psicologos\/\">MIRA: Los maestros e instituciones son clave en la apertura de los ni\u00f1os con los psic\u00f3logos<\/a><\/p>\n<p>El objetivo principal es, cuidar la salud mental de la poblaci\u00f3n Jalapaneca, les hace falta mucho, el departamento es muy grande, pero con la uni\u00f3n de todos los delegados de las instituciones y con el trabajo que se est\u00e1 haciendo en el centro de salud, han estado visitando ciertas comunidades, donde se les han dado atenci\u00f3n psicol\u00f3gica.<\/p>\n<p><iframe loading=\"lazy\" title=\"Hablar de padecer enfermedades mentales a\u00fan son un tab\u00fa\" width=\"640\" height=\"360\" src=\"https:\/\/www.youtube.com\/embed\/G8aWTuPkRf0?feature=oembed\" frameborder=\"0\" allow=\"accelerometer; autoplay; clipboard-write; encrypted-media; gyroscope; picture-in-picture; web-share\" referrerpolicy=\"strict-origin-when-cross-origin\" allowfullscreen><\/iframe><\/p>\n<p>A veces el pensar que ir al psic\u00f3logo dicen es de locos, pero ir al psic\u00f3logo es para personas valientes, el acudir con estos profesionales es para alguien que necesita ser escuchado y orientado, ellos est\u00e1n en la disposici\u00f3n como programa de salud mental de apoyar a estas personas en los horarios de 8:00 a 16:30 horas de lunes a viernes en el centro de salud.<\/p>\n<p style=\"text-align: center;\"><iframe loading=\"lazy\" style=\"border: none; overflow: hidden;\" src=\"https:\/\/www.facebook.com\/plugins\/post.php?href=https%3A%2F%2Fwww.facebook.com%2Fpermalink.php%3Fstory_fbid%3Dpfbid0YPJgbi9pceicWs8J8qi3TiTXKFYjc3LMu1JD5wmfvXNoSuKbjsHMEHnEQ5GKE4twl%26id%3D100083158940816&amp;show_text=true&amp;width=500\" width=\"500\" height=\"544\" frameborder=\"0\" scrolling=\"no\" allowfullscreen=\"allowfullscreen\"><\/iframe><\/p>\n","protected":false},"excerpt":{"rendered":"<p>El tema de la salud mental todav\u00eda es un tab\u00fa para las personas, pero nuestra salud no es solo f\u00edsica, como esos dolores de cabeza, dolor de piernas, pero tambi\u00e9n es importante hablar de nuestras emociones, pensamientos, esos pensamientos negativos, han cobrado la vida de muchos jalapanecos, seg\u00fan lo manifest\u00f3 la Licda. Cecy Cuc Psic\u00f3loga del Centro de Salud de Jalapa. MIRA: Los maestros e instituciones son clave en la apertura de los ni\u00f1os con los psic\u00f3logos El objetivo principal es, cuidar la salud mental de la poblaci\u00f3n Jalapaneca, les&hellip;<\/p>\n","protected":false},"author":2,"featured_media":27431,"comment_status":"open","ping_status":"open","sticky":false,"template":"","format":"standard","meta":{"footnotes":""},"categories":[3],"tags":[10240,10241],"class_list":["post-27440","post","type-post","status-publish","format-standard","has-post-thumbnail","hentry","category-locales","tag-hablar-de-padecer-enfermedades","tag-mentales-aun-son-un-tabu"],"gutentor_comment":0,"_links":{"self":[{"href":"https:\/\/www.notijalapa.net\/noticias\/wp-json\/wp\/v2\/posts\/27440","targetHints":{"allow":["GET"]}}],"collection":[{"href":"https:\/\/www.notijalapa.net\/noticias\/wp-json\/wp\/v2\/posts"}],"about":[{"href":"https:\/\/www.notijalapa.net\/noticias\/wp-json\/wp\/v2\/types\/post"}],"author":[{"embeddable":true,"href":"https:\/\/www.notijalapa.net\/noticias\/wp-json\/wp\/v2\/users\/2"}],"replies":[{"embeddable":true,"href":"https:\/\/www.notijalapa.net\/noticias\/wp-json\/wp\/v2\/comments?post=27440"}],"version-history":[{"count":2,"href":"https:\/\/www.notijalapa.net\/noticias\/wp-json\/wp\/v2\/posts\/27440\/revisions"}],"predecessor-version":[{"id":27446,"href":"https:\/\/www.notijalapa.net\/noticias\/wp-json\/wp\/v2\/posts\/27440\/revisions\/27446"}],"wp:featuredmedia":[{"embeddable":true,"href":"https:\/\/www.notijalapa.net\/noticias\/wp-json\/wp\/v2\/media\/27431"}],"wp:attachment":[{"href":"https:\/\/www.notijalapa.net\/noticias\/wp-json\/wp\/v2\/media?parent=27440"}],"wp:term":[{"taxonomy":"category","embeddable":true,"href":"https:\/\/www.notijalapa.net\/noticias\/wp-json\/wp\/v2\/categories?post=27440"},{"taxonomy":"post_tag","embeddable":true,"href":"https:\/\/www.notijalapa.net\/noticias\/wp-json\/wp\/v2\/tags?post=27440"}],"curies":[{"name":"wp","href":"https:\/\/api.w.org\/{rel}","templated":true}]}}