{"id":27434,"date":"2025-10-11T13:30:54","date_gmt":"2025-10-11T13:30:54","guid":{"rendered":"https:\/\/www.notijalapa.net\/noticias\/?p=27434"},"modified":"2025-10-11T13:51:03","modified_gmt":"2025-10-11T13:51:03","slug":"los-maestros-e-instituciones-son-clave-en-la-apertura-de-los-ninos-con-los-psicologos","status":"publish","type":"post","link":"https:\/\/www.notijalapa.net\/noticias\/2025\/10\/11\/los-maestros-e-instituciones-son-clave-en-la-apertura-de-los-ninos-con-los-psicologos\/","title":{"rendered":"Los maestros e instituciones son clave en la apertura de los ni\u00f1os con los psic\u00f3logos"},"content":{"rendered":"<p><span dir=\"auto\" style=\"vertical-align: inherit;\"><span dir=\"auto\" style=\"vertical-align: inherit;\">Gracias al trabajo que han hecho en conjunto en el tema de psicolog\u00eda, no se puede decir que las personas le abren las puertas a un cien por ciento, pero han visto que los docentes ya son m\u00e1s abiertos con los profesionales en el tema.<\/span><\/span><\/p>\n<p><a href=\"https:\/\/www.notijalapa.net\/noticias\/2025\/10\/11\/hablar-de-padecer-enfermedades-mentales-aun-son-un-tabu\/\">MIRA: Hablar de padecer enfermedades mentales a\u00fan son un tab\u00fa<\/a><\/p>\n<p><span dir=\"auto\" style=\"vertical-align: inherit;\"><span dir=\"auto\" style=\"vertical-align: inherit;\">Los maestros, se dan cuenta de que el ni\u00f1o llega rebelde o que ya llega desorientado y no pone atenci\u00f3n, ellos mismos se abocan al centro de salud comunitario, con ellos se programa una charla en la escuela, en donde buscan tener ese acercamiento con estudiantes, para que ellos se puedan abrir y puedan empezar a expresar sus emociones, seg\u00fan lo dio a conocer la Licda. Cecy Cuc Psic\u00f3loga del Centro de Salud de Jalapa.<\/span><\/span><\/p>\n<p><iframe loading=\"lazy\" title=\"Los maestros e instituciones son clave en la apertura de los ni\u00f1os con los psic\u00f3logos\" width=\"640\" height=\"360\" src=\"https:\/\/www.youtube.com\/embed\/UUqV1st7uME?feature=oembed\" frameborder=\"0\" allow=\"accelerometer; autoplay; clipboard-write; encrypted-media; gyroscope; picture-in-picture; web-share\" referrerpolicy=\"strict-origin-when-cross-origin\" allowfullscreen><\/iframe><\/p>\n<p><span dir=\"auto\" style=\"vertical-align: inherit;\"><span dir=\"auto\" style=\"vertical-align: inherit;\">Con el apoyo de la PDH, PNC, UPCV, CONJUVE, SVET y otros delegados de instituciones que tambi\u00e9n tocan el tema de la salud mental, est\u00e1n haciendo \u00e9nfasis en las comunidades, muchas veces se dice es un sector monta\u00f1a, pero eso no significa que ellos no tengan problemas emocionales, que ellos no est\u00e9n pasando procesos dif\u00edciles y son ellos los que muchas veces los buscan y los apoyan.<\/span><\/span><\/p>\n<p><span dir=\"auto\" style=\"vertical-align: inherit;\"><span dir=\"auto\" style=\"vertical-align: inherit;\">Est\u00e1n intentando que, en todas las comunidades del departamento se hable de salud mental, tal vez no sea el tema estrella, pero con unos cinco o diez minutos que la poblaci\u00f3n les d\u00e9 para escucharlos, ellos saben que ese di\u00e1logo se lo van a llevar en el coraz\u00f3n y si ustedes saben de salud mental, esperan lo repliquen.<\/span><\/span><\/p>\n<p style=\"text-align: center;\"><iframe loading=\"lazy\" style=\"border: none; overflow: hidden;\" src=\"https:\/\/www.facebook.com\/plugins\/post.php?href=https%3A%2F%2Fwww.facebook.com%2Fpermalink.php%3Fstory_fbid%3Dpfbid021knPcTLhZ9iyL4iFz2bQDz5tJYQo13HY52j5A6xRqnENbHS1D6yQXPkHnr5gw1jDl%26id%3D100083158940816&amp;show_text=true&amp;width=500\" width=\"500\" height=\"774\" frameborder=\"0\" scrolling=\"no\" allowfullscreen=\"allowfullscreen\"><span data-mce-type=\"bookmark\" style=\"display: inline-block; width: 0px; overflow: hidden; line-height: 0;\" class=\"mce_SELRES_start\">\ufeff<\/span><\/iframe><\/p>\n","protected":false},"excerpt":{"rendered":"<p>Gracias al trabajo que han hecho en conjunto en el tema de psicolog\u00eda, no se puede decir que las personas le abren las puertas a un cien por ciento, pero han visto que los docentes ya son m\u00e1s abiertos con los profesionales en el tema. MIRA: Hablar de padecer enfermedades mentales a\u00fan son un tab\u00fa Los maestros, se dan cuenta de que el ni\u00f1o llega rebelde o que ya llega desorientado y no pone atenci\u00f3n, ellos mismos se abocan al centro de salud comunitario, con ellos se programa una charla&hellip;<\/p>\n","protected":false},"author":2,"featured_media":27431,"comment_status":"open","ping_status":"open","sticky":false,"template":"","format":"standard","meta":{"footnotes":""},"categories":[3],"tags":[10235,10234],"class_list":["post-27434","post","type-post","status-publish","format-standard","has-post-thumbnail","hentry","category-locales","tag-en-la-apertura-de-los-ninos-con-los-psicologos","tag-los-maestros-e-instituciones-son-clave"],"gutentor_comment":0,"_links":{"self":[{"href":"https:\/\/www.notijalapa.net\/noticias\/wp-json\/wp\/v2\/posts\/27434","targetHints":{"allow":["GET"]}}],"collection":[{"href":"https:\/\/www.notijalapa.net\/noticias\/wp-json\/wp\/v2\/posts"}],"about":[{"href":"https:\/\/www.notijalapa.net\/noticias\/wp-json\/wp\/v2\/types\/post"}],"author":[{"embeddable":true,"href":"https:\/\/www.notijalapa.net\/noticias\/wp-json\/wp\/v2\/users\/2"}],"replies":[{"embeddable":true,"href":"https:\/\/www.notijalapa.net\/noticias\/wp-json\/wp\/v2\/comments?post=27434"}],"version-history":[{"count":3,"href":"https:\/\/www.notijalapa.net\/noticias\/wp-json\/wp\/v2\/posts\/27434\/revisions"}],"predecessor-version":[{"id":27450,"href":"https:\/\/www.notijalapa.net\/noticias\/wp-json\/wp\/v2\/posts\/27434\/revisions\/27450"}],"wp:featuredmedia":[{"embeddable":true,"href":"https:\/\/www.notijalapa.net\/noticias\/wp-json\/wp\/v2\/media\/27431"}],"wp:attachment":[{"href":"https:\/\/www.notijalapa.net\/noticias\/wp-json\/wp\/v2\/media?parent=27434"}],"wp:term":[{"taxonomy":"category","embeddable":true,"href":"https:\/\/www.notijalapa.net\/noticias\/wp-json\/wp\/v2\/categories?post=27434"},{"taxonomy":"post_tag","embeddable":true,"href":"https:\/\/www.notijalapa.net\/noticias\/wp-json\/wp\/v2\/tags?post=27434"}],"curies":[{"name":"wp","href":"https:\/\/api.w.org\/{rel}","templated":true}]}}