{"id":27117,"date":"2025-09-24T10:56:31","date_gmt":"2025-09-24T10:56:31","guid":{"rendered":"https:\/\/www.notijalapa.net\/noticias\/?p=27117"},"modified":"2025-09-24T11:17:20","modified_gmt":"2025-09-24T11:17:20","slug":"conmemoran-el-dia-internacional-de-las-personas-sordas-y-lengua-de-senas","status":"publish","type":"post","link":"https:\/\/www.notijalapa.net\/noticias\/2025\/09\/24\/conmemoran-el-dia-internacional-de-las-personas-sordas-y-lengua-de-senas\/","title":{"rendered":"Conmemoran el d\u00eda internacional de las personas sordas y lengua de se\u00f1as"},"content":{"rendered":"<p>En este mes se conmemora el d\u00eda internacional y nacional de las personas sordas y la lengua de se\u00f1as, realizan diversas actividades en algunos municipios, en conjunto con las personas de las oficinas municipales de personas con discapacidad y ASCATED, seg\u00fan lo dio a conocer Susana Campos delegada de CONADI.<\/p>\n<p><a href=\"https:\/\/www.notijalapa.net\/noticias\/2025\/09\/24\/solventan-la-situacion-de-los-veteranos-militares\/\">MIRA: Solventan la situaci\u00f3n de los veteranos militares<\/a><\/p>\n<p>Han ido ganando campo en este tema, de alguna manera han implementado algunos diplomados de lengua de se\u00f1as en algunos municipios. De igual manera hace la invitaci\u00f3n a la sociedad civil para que puedan integrarse, de igual forma a la comunidad educativa.<\/p>\n<p><iframe loading=\"lazy\" title=\"Conmemoran el d\u00eda internacional de las personas sordas y lengua de se\u00f1as\" width=\"640\" height=\"360\" src=\"https:\/\/www.youtube.com\/embed\/zijSD_Jfx9o?feature=oembed\" frameborder=\"0\" allow=\"accelerometer; autoplay; clipboard-write; encrypted-media; gyroscope; picture-in-picture; web-share\" referrerpolicy=\"strict-origin-when-cross-origin\" allowfullscreen><\/iframe><\/p>\n<p>Lo que han trabajado es la inclusi\u00f3n de las personas con discapacidad, trabajan con un enfoque de derechos y de alguna manera ellos educan a la poblaci\u00f3n y a las personas con discapacidad, en el empoderamiento de las personas.<\/p>\n<p style=\"text-align: center;\"><iframe loading=\"lazy\" style=\"border: none; overflow: hidden;\" src=\"https:\/\/www.facebook.com\/plugins\/post.php?href=https%3A%2F%2Fwww.facebook.com%2Fpermalink.php%3Fstory_fbid%3Dpfbid02uhmiEgefsYCNe5GYChWyWRcTU1KahN8GoaDeVf6XA8VRZEsk79z7D5EUZbkoZRQ1l%26id%3D100083158940816&amp;show_text=true&amp;width=500\" width=\"500\" height=\"755\" frameborder=\"0\" scrolling=\"no\" allowfullscreen=\"allowfullscreen\"><\/iframe><\/p>\n","protected":false},"excerpt":{"rendered":"<p>En este mes se conmemora el d\u00eda internacional y nacional de las personas sordas y la lengua de se\u00f1as, realizan diversas actividades en algunos municipios, en conjunto con las personas de las oficinas municipales de personas con discapacidad y ASCATED, seg\u00fan lo dio a conocer Susana Campos delegada de CONADI. MIRA: Solventan la situaci\u00f3n de los veteranos militares Han ido ganando campo en este tema, de alguna manera han implementado algunos diplomados de lengua de se\u00f1as en algunos municipios. De igual manera hace la invitaci\u00f3n a la sociedad civil para&hellip;<\/p>\n","protected":false},"author":2,"featured_media":27112,"comment_status":"open","ping_status":"open","sticky":false,"template":"","format":"standard","meta":{"footnotes":""},"categories":[3],"tags":[10085,10086],"class_list":["post-27117","post","type-post","status-publish","format-standard","has-post-thumbnail","hentry","category-locales","tag-conmemoran-el-dia-internacional-de-las-personas","tag-sordas-y-lengua-de-senas"],"gutentor_comment":0,"_links":{"self":[{"href":"https:\/\/www.notijalapa.net\/noticias\/wp-json\/wp\/v2\/posts\/27117","targetHints":{"allow":["GET"]}}],"collection":[{"href":"https:\/\/www.notijalapa.net\/noticias\/wp-json\/wp\/v2\/posts"}],"about":[{"href":"https:\/\/www.notijalapa.net\/noticias\/wp-json\/wp\/v2\/types\/post"}],"author":[{"embeddable":true,"href":"https:\/\/www.notijalapa.net\/noticias\/wp-json\/wp\/v2\/users\/2"}],"replies":[{"embeddable":true,"href":"https:\/\/www.notijalapa.net\/noticias\/wp-json\/wp\/v2\/comments?post=27117"}],"version-history":[{"count":2,"href":"https:\/\/www.notijalapa.net\/noticias\/wp-json\/wp\/v2\/posts\/27117\/revisions"}],"predecessor-version":[{"id":27136,"href":"https:\/\/www.notijalapa.net\/noticias\/wp-json\/wp\/v2\/posts\/27117\/revisions\/27136"}],"wp:featuredmedia":[{"embeddable":true,"href":"https:\/\/www.notijalapa.net\/noticias\/wp-json\/wp\/v2\/media\/27112"}],"wp:attachment":[{"href":"https:\/\/www.notijalapa.net\/noticias\/wp-json\/wp\/v2\/media?parent=27117"}],"wp:term":[{"taxonomy":"category","embeddable":true,"href":"https:\/\/www.notijalapa.net\/noticias\/wp-json\/wp\/v2\/categories?post=27117"},{"taxonomy":"post_tag","embeddable":true,"href":"https:\/\/www.notijalapa.net\/noticias\/wp-json\/wp\/v2\/tags?post=27117"}],"curies":[{"name":"wp","href":"https:\/\/api.w.org\/{rel}","templated":true}]}}